{"id":1883,"date":"2017-08-17T02:03:55","date_gmt":"2017-08-17T02:03:55","guid":{"rendered":"http:\/\/natours.hu\/hu\/?p=1883"},"modified":"2024-03-11T15:40:01","modified_gmt":"2024-03-11T15:40:01","slug":"hullocsillag17","status":"publish","type":"post","link":"https:\/\/natours.hu\/hu\/hullocsillag17\/","title":{"rendered":"Naplemente- \u00e9s hull\u00f3csillagn\u00e9z\u0151 buli ezen a szombaton"},"content":{"rendered":"<div class=\"flex_column av_one_full  flex_column_div av-zero-column-padding first  \" style='border-radius:0px; '><section class=\"av_textblock_section\"  itemscope=\"itemscope\" itemtype=\"https:\/\/schema.org\/BlogPosting\" itemprop=\"blogPost\" ><div class='avia_textblock '  style='font-size:16px; '  itemprop=\"text\" ><div class=\"\" data-block=\"true\" data-editor=\"bc6u2\" data-offset-key=\"4upis-0-0\">\n<h2 class=\"_1mf _1mj\" data-offset-key=\"4upis-0-0\"><span data-offset-key=\"4upis-0-0\">Augusztus 19-\u00e9n szombaton tartjuk idei naplemente- \u00e9s hull\u00f3csillagn\u00e9z\u0151 bulinkat.<\/span><\/h2>\n<\/div>\n<div class=\"\" data-block=\"true\" data-editor=\"bc6u2\" data-offset-key=\"27n2q-0-0\">\n<div class=\"_1mf _1mj\" data-offset-key=\"27n2q-0-0\"><span data-offset-key=\"27n2q-0-0\">\u00a0<\/span><\/div>\n<\/div>\n<div class=\"\" data-block=\"true\" data-editor=\"bc6u2\" data-offset-key=\"fgaj9-0-0\">\n<div class=\"_1mf _1mj\" data-offset-key=\"fgaj9-0-0\"><strong>A m\u00falt szombati T\u00f3 \u00fcnnep\u00e9n az esti es\u0151s id\u0151j\u00e1r\u00e1s miatt elmaradt programr\u00e9szt, az \u00fasz\u00f3alkalmatoss\u00e1gok v\u00edzre bocs\u00e1t\u00e1s\u00e1t, \u00fasztat\u00e1s\u00e1t is ekkor &#8211; s\u00f6t\u00e9ted\u00e9s ut\u00e1n &#8211; ejtj\u00fck meg.<\/strong><\/div>\n<div data-offset-key=\"fgaj9-0-0\"><\/div>\n<div class=\"_1mf _1mj\" data-offset-key=\"fgaj9-0-0\"><strong><img decoding=\"async\" loading=\"lazy\" class=\"size-medium wp-image-1884 aligncenter\" src=\"http:\/\/natours.hu\/wp-content\/uploads\/2017\/08\/Meteor_Bolide-300x199.jpg\" alt=\"\" width=\"300\" height=\"199\" srcset=\"https:\/\/natours.hu\/wp-content\/uploads\/2017\/08\/Meteor_Bolide-300x199.jpg 300w, https:\/\/natours.hu\/wp-content\/uploads\/2017\/08\/Meteor_Bolide-768x510.jpg 768w, https:\/\/natours.hu\/wp-content\/uploads\/2017\/08\/Meteor_Bolide-1030x684.jpg 1030w, https:\/\/natours.hu\/wp-content\/uploads\/2017\/08\/Meteor_Bolide-1500x996.jpg 1500w, https:\/\/natours.hu\/wp-content\/uploads\/2017\/08\/Meteor_Bolide-705x468.jpg 705w, https:\/\/natours.hu\/wp-content\/uploads\/2017\/08\/Meteor_Bolide-450x299.jpg 450w\" sizes=\"(max-width: 300px) 100vw, 300px\" \/><\/strong><\/div>\n<\/div>\n<p><!--more--><\/p>\n<div class=\"\" data-block=\"true\" data-editor=\"bc6u2\" data-offset-key=\"7bf8u-0-0\">\n<div class=\"_1mf _1mj\" data-offset-key=\"7bf8u-0-0\"><span data-offset-key=\"7bf8u-0-0\">\u00a0<\/span><\/div>\n<\/div>\n<div class=\"\" data-block=\"true\" data-editor=\"bc6u2\" data-offset-key=\"a6k3t-0-0\">\n<div class=\"_1mf _1mj\" data-offset-key=\"a6k3t-0-0\"><span data-offset-key=\"a6k3t-0-0\">Ezen k\u00edv\u00fcl kora est\u00e9t\u0151l lesz \u00f6sszt\u0171z (a f\u0151 t\u0171zrak\u00f3helyen), ahov\u00e1 szok\u00e1s szerint hozza mindenki a saj\u00e1t s\u00fctnival\u00f3j\u00e1t, de ennek hi\u00e1ny\u00e1ban a konyh\u00e1n is v\u00e1s\u00e1rolhat Misi b\u00e1csi\u00e9kt\u00f3l.<\/span><\/div>\n<\/div>\n<div class=\"\" data-block=\"true\" data-editor=\"bc6u2\" data-offset-key=\"mecr-0-0\">\n<div class=\"_1mf _1mj\" data-offset-key=\"mecr-0-0\"><span data-offset-key=\"mecr-0-0\">\u00a0<\/span><\/div>\n<\/div>\n<div class=\"\" data-block=\"true\" data-editor=\"bc6u2\" data-offset-key=\"a7pnb-0-0\">\n<div class=\"_1mf _1mj\" data-offset-key=\"a7pnb-0-0\"><span data-offset-key=\"a7pnb-0-0\">Az este t\u00f3parti t\u0171zij\u00e1t\u00e9kkal z\u00e1rul.<\/span><\/div>\n<\/div>\n<div class=\"\" data-block=\"true\" data-editor=\"bc6u2\" data-offset-key=\"59eqs-0-0\">\n<div class=\"_1mf _1mj\" data-offset-key=\"59eqs-0-0\"><span data-offset-key=\"59eqs-0-0\">\u00a0<\/span><\/div>\n<\/div>\n<div class=\"\" data-block=\"true\" data-editor=\"bc6u2\" data-offset-key=\"68m01-0-0\">\n<div class=\"_1mf _1mj\" data-offset-key=\"68m01-0-0\"><span data-offset-key=\"68m01-0-0\">Szombatra m\u00e9g igazi strandid\u0151t jeleznek 35 fokos ny\u00e1ri meleggel \u00e9s naps\u00fct\u00e9ssel, gyertek b\u00e1tran!<\/span><\/div>\n<\/div>\n<div class=\"\" data-block=\"true\" data-editor=\"bc6u2\" data-offset-key=\"furu8-0-0\"><\/div>\n<\/div><\/section><\/div>\n","protected":false},"excerpt":{"rendered":"<p>Augusztus 19-\u00e9n szombaton tartjuk idei naplemente- \u00e9s hull\u00f3csillagn\u00e9z\u0151 bulinkat. \u00a0 A m\u00falt szombati T\u00f3 \u00fcnnep\u00e9n az esti es\u0151s id\u0151j\u00e1r\u00e1s miatt elmaradt programr\u00e9szt, az \u00fasz\u00f3alkalmatoss\u00e1gok v\u00edzre bocs\u00e1t\u00e1s\u00e1t, \u00fasztat\u00e1s\u00e1t is ekkor &#8211; s\u00f6t\u00e9ted\u00e9s ut\u00e1n &#8211; ejtj\u00fck meg.<\/p>\n","protected":false},"author":3,"featured_media":1884,"comment_status":"closed","ping_status":"open","sticky":false,"template":"","format":"standard","meta":{"_hu_post_content":"[av_one_full first min_height='' vertical_alignment='' space='' custom_margin='' margin='0px' padding='0px' border='' border_color='' radius='0px' background_color='' src='' background_position='top left' background_repeat='no-repeat' animation='' mobile_display='']\r\n[av_textblock size='16' font_color='' color='' admin_preview_bg='']\r\n<div class=\"\" data-block=\"true\" data-editor=\"bc6u2\" data-offset-key=\"4upis-0-0\">\r\n<h2 class=\"_1mf _1mj\" data-offset-key=\"4upis-0-0\"><span data-offset-key=\"4upis-0-0\">Augusztus 19-\u00e9n szombaton tartjuk idei naplemente- \u00e9s hull\u00f3csillagn\u00e9z\u0151 bulinkat.<\/span><\/h2>\r\n<\/div>\r\n<div class=\"\" data-block=\"true\" data-editor=\"bc6u2\" data-offset-key=\"27n2q-0-0\">\r\n<div class=\"_1mf _1mj\" data-offset-key=\"27n2q-0-0\"><span data-offset-key=\"27n2q-0-0\">\u00a0<\/span><\/div>\r\n<\/div>\r\n<div class=\"\" data-block=\"true\" data-editor=\"bc6u2\" data-offset-key=\"fgaj9-0-0\">\r\n<div class=\"_1mf _1mj\" data-offset-key=\"fgaj9-0-0\"><strong>A m\u00falt szombati T\u00f3 \u00fcnnep\u00e9n az esti es\u0151s id\u0151j\u00e1r\u00e1s miatt elmaradt programr\u00e9szt, az \u00fasz\u00f3alkalmatoss\u00e1gok v\u00edzre bocs\u00e1t\u00e1s\u00e1t, \u00fasztat\u00e1s\u00e1t is ekkor - s\u00f6t\u00e9ted\u00e9s ut\u00e1n - ejtj\u00fck meg.<\/strong><\/div>\r\n<div data-offset-key=\"fgaj9-0-0\"><\/div>\r\n<div class=\"_1mf _1mj\" data-offset-key=\"fgaj9-0-0\"><strong><img class=\"size-medium wp-image-1884 aligncenter\" src=\"http:\/\/natours.hu\/wp-content\/uploads\/2017\/08\/Meteor_Bolide-300x199.jpg\" alt=\"\" width=\"300\" height=\"199\" \/><\/strong><\/div>\r\n<\/div>\r\n<!--more-->\r\n<div class=\"\" data-block=\"true\" data-editor=\"bc6u2\" data-offset-key=\"7bf8u-0-0\">\r\n<div class=\"_1mf _1mj\" data-offset-key=\"7bf8u-0-0\"><span data-offset-key=\"7bf8u-0-0\">\u00a0<\/span><\/div>\r\n<\/div>\r\n<div class=\"\" data-block=\"true\" data-editor=\"bc6u2\" data-offset-key=\"a6k3t-0-0\">\r\n<div class=\"_1mf _1mj\" data-offset-key=\"a6k3t-0-0\"><span data-offset-key=\"a6k3t-0-0\">Ezen k\u00edv\u00fcl kora est\u00e9t\u0151l lesz \u00f6sszt\u0171z (a f\u0151 t\u0171zrak\u00f3helyen), ahov\u00e1 szok\u00e1s szerint hozza mindenki a saj\u00e1t s\u00fctnival\u00f3j\u00e1t, de ennek hi\u00e1ny\u00e1ban a konyh\u00e1n is v\u00e1s\u00e1rolhat Misi b\u00e1csi\u00e9kt\u00f3l.<\/span><\/div>\r\n<\/div>\r\n<div class=\"\" data-block=\"true\" data-editor=\"bc6u2\" data-offset-key=\"mecr-0-0\">\r\n<div class=\"_1mf _1mj\" data-offset-key=\"mecr-0-0\"><span data-offset-key=\"mecr-0-0\">\u00a0<\/span><\/div>\r\n<\/div>\r\n<div class=\"\" data-block=\"true\" data-editor=\"bc6u2\" data-offset-key=\"a7pnb-0-0\">\r\n<div class=\"_1mf _1mj\" data-offset-key=\"a7pnb-0-0\"><span data-offset-key=\"a7pnb-0-0\">Az este t\u00f3parti t\u0171zij\u00e1t\u00e9kkal z\u00e1rul.<\/span><\/div>\r\n<\/div>\r\n<div class=\"\" data-block=\"true\" data-editor=\"bc6u2\" data-offset-key=\"59eqs-0-0\">\r\n<div class=\"_1mf _1mj\" data-offset-key=\"59eqs-0-0\"><span data-offset-key=\"59eqs-0-0\">\u00a0<\/span><\/div>\r\n<\/div>\r\n<div class=\"\" data-block=\"true\" data-editor=\"bc6u2\" data-offset-key=\"68m01-0-0\">\r\n<div class=\"_1mf _1mj\" data-offset-key=\"68m01-0-0\"><span data-offset-key=\"68m01-0-0\">Szombatra m\u00e9g igazi strandid\u0151t jeleznek 35 fokos ny\u00e1ri meleggel \u00e9s naps\u00fct\u00e9ssel, gyertek b\u00e1tran!<\/span><\/div>\r\n<\/div>\r\n<div class=\"\" data-block=\"true\" data-editor=\"bc6u2\" data-offset-key=\"furu8-0-0\"><\/div>\r\n[\/av_textblock]\r\n[\/av_one_full]","_hu_post_name":"hullocsillag17","_hu_post_excerpt":"","_hu_post_title":"Naplemente- \u00e9s hull\u00f3csillagn\u00e9z\u0151 buli ezen a szombaton","_en_post_content":"[av_one_full first min_height='' vertical_alignment='' space='' custom_margin='' margin='0px' padding='0px' border='' border_color='' radius='0px' background_color='' src='' background_position='top left' background_repeat='no-repeat' animation='' mobile_display='']\r\n\r\n[av_textblock size='16' font_color='' color='' admin_preview_bg='']\r\n<h2>We organize our shooting star googeling party on this Saturday (the19th of August).<\/h2>\r\n<strong>Since last Saturday the evening was rainy we needed to cancel to take on to the water the newly made watercrafts - but this Saturday evening we will perform that.<\/strong>\r\n\r\n<img class=\"size-medium wp-image-1884 aligncenter\" src=\"http:\/\/natours.hu\/wp-content\/uploads\/2017\/08\/Meteor_Bolide-300x199.jpg\" alt=\"\" width=\"300\" height=\"199\" \/>\r\n<!--more-->\r\nThere will be common grilling at the main fireplace too if you bring your own meat (or by it from the kitchen).\r\n\r\nWe will close the evening with fireworks.\r\n\r\nThe meteoroligists are predicts good, warm weather - come and join to our programmes!\r\n[\/av_textblock]\r\n\r\n[\/av_one_full]","_en_post_name":"shootingstar17","_en_post_excerpt":"","_en_post_title":"Shooting star googeling party on this Saturday","edit_language":"hu"},"categories":[67,4],"tags":[],"_links":{"self":[{"href":"https:\/\/natours.hu\/hu\/wp-json\/wp\/v2\/posts\/1883"}],"collection":[{"href":"https:\/\/natours.hu\/hu\/wp-json\/wp\/v2\/posts"}],"about":[{"href":"https:\/\/natours.hu\/hu\/wp-json\/wp\/v2\/types\/post"}],"author":[{"embeddable":true,"href":"https:\/\/natours.hu\/hu\/wp-json\/wp\/v2\/users\/3"}],"replies":[{"embeddable":true,"href":"https:\/\/natours.hu\/hu\/wp-json\/wp\/v2\/comments?post=1883"}],"version-history":[{"count":4,"href":"https:\/\/natours.hu\/hu\/wp-json\/wp\/v2\/posts\/1883\/revisions"}],"predecessor-version":[{"id":1969,"href":"https:\/\/natours.hu\/hu\/wp-json\/wp\/v2\/posts\/1883\/revisions\/1969"}],"wp:featuredmedia":[{"embeddable":true,"href":"https:\/\/natours.hu\/hu\/wp-json\/wp\/v2\/media\/1884"}],"wp:attachment":[{"href":"https:\/\/natours.hu\/hu\/wp-json\/wp\/v2\/media?parent=1883"}],"wp:term":[{"taxonomy":"category","embeddable":true,"href":"https:\/\/natours.hu\/hu\/wp-json\/wp\/v2\/categories?post=1883"},{"taxonomy":"post_tag","embeddable":true,"href":"https:\/\/natours.hu\/hu\/wp-json\/wp\/v2\/tags?post=1883"}],"curies":[{"name":"wp","href":"https:\/\/api.w.org\/{rel}","templated":true}]}}