{"id":3415,"date":"2019-06-06T02:41:54","date_gmt":"2019-06-06T02:41:54","guid":{"rendered":"http:\/\/natours.hu\/hu\/?p=3415"},"modified":"2024-03-11T15:41:56","modified_gmt":"2024-03-11T15:41:56","slug":"inf_ff201906","status":"publish","type":"post","link":"https:\/\/natours.hu\/hu\/inf_ff201906\/","title":{"rendered":"Megjelent a j\u00faniusi F\u00f3kusz"},"content":{"rendered":"<div class=\"flex_column av_three_fifth  flex_column_div av-zero-column-padding first  \" style='border-radius:0px; '><section class=\"av_textblock_section\"  itemscope=\"itemscope\" itemtype=\"https:\/\/schema.org\/BlogPosting\" itemprop=\"blogPost\" ><div class='avia_textblock '   itemprop=\"text\" ><h2 id=\":13r\" class=\"hP\" tabindex=\"-1\" data-thread-perm-id=\"thread-f:1607131212941674616\" data-legacy-thread-id=\"164dad52bed4c878\">Megjelent a j\u00faniusi F\u00f3kusz<\/h2>\n<p><span style=\"font-size: 14pt;\"><strong>A Nemzetk\u00f6zi Naturista Sz\u00f6vets\u00e9g e havi h\u00edrlevel\u00e9ben olvashatunk t\u00f6bbek k\u00f6z\u00f6tt a t\u00e9li szerbiai t\u00f6rt\u00e9n\u00e9sekr\u0151l (magyarorsz\u00e1gi sz\u00e1l hogy M\u00f3rahalomra is ell\u00e1togattak ottani klubokb\u00f3l) \u00e9s helyi<\/strong><strong> naturist\u00e1k terveir\u0151l.<br \/>\n<\/strong><\/span><\/p>\n<p><strong><!--more--><\/strong><\/p>\n<p><span style=\"font-size: 14pt;\">Majd az olasz naturizmus h\u0151skor\u00e1r\u00f3l tudunk meg t\u00f6bbet egy akkori neves vezet\u0151j\u00fck (Tomasi Operti) kapcs\u00e1n, a v\u00e9g\u00e9n pedig meztelen kort\u00e1rs t\u00e1ncel\u0151ad\u00e1sr\u00f3l tud\u00f3s\u00edtanak. Ez ut\u00f3bbit LetMeC_natur n\u00e9ven rendezt\u00e9k Budapesten. M\u00e9g lesz is el\u0151ad\u00e1suk, legk\u00f6zelebb j\u00fanius 6-\u00e1n, cs\u00fct\u00f6rt\u00f6k\u00f6n &#8211; a NaVKe-val val\u00f3 egy\u00fcttm\u0171k\u00f6d\u00e9sben. Szok\u00e1s szerint a j\u00faniusi \u00e9s j\u00faliusi v\u00e1rhat\u00f3 esem\u00e9nyek is megtal\u00e1lhat\u00f3ak a h\u00edrlev\u00e9lben &#8211; k\u00f6zt\u00fck a Szikin rendezettek is. Mindezekr\u0151l r\u00e9szleteket <a href=\"http:\/\/natours.hu\/wp-content\/uploads\/2019\/06\/INF_FF_Junius_HU_magyar_v2.pdf\">ide kattintva a mell\u00e9kelt PDF-f\u00e1jlban tal\u00e1lhattok.<\/a><\/span><\/p>\n<\/div><\/section><\/div>\n<div class=\"flex_column av_two_fifth  flex_column_div av-zero-column-padding   \" style='border-radius:0px; '><div class='avia-gallery avia-gallery-1 avia_lazyload avia_animate_when_visible '  itemscope=\"itemscope\" itemtype=\"https:\/\/schema.org\/ImageObject\" ><a class='avia-gallery-big fakeLightbox lightbox avia-gallery-big-crop-thumb ' href='https:\/\/natours.hu\/wp-content\/uploads\/2019\/06\/fokuszjun1-1030x418.jpg'  data-onclick='1' title='' ><span class='avia-gallery-big-inner'  itemprop=\"thumbnailUrl\" >\t<img width='710' height='375' src='https:\/\/natours.hu\/wp-content\/uploads\/2019\/06\/fokuszjun1-710x375.jpg' title='Naturista t\u00e1ncsz\u00ednh\u00e1z' alt='' \/><\/span><\/a><div class='avia-gallery-thumb'> <a href='https:\/\/natours.hu\/wp-content\/uploads\/2019\/06\/fokuszjun1-1030x418.jpg' data-rel='gallery-1' data-prev-img='https:\/\/natours.hu\/wp-content\/uploads\/2019\/06\/fokuszjun1-710x375.jpg' class='first_thumb lightbox ' data-onclick='1' title=''  itemprop=\"thumbnailUrl\" ><img  src='https:\/\/natours.hu\/wp-content\/uploads\/2019\/06\/fokuszjun1-495x400.jpg' width='495' height='400'  title='Naturista t\u00e1ncsz\u00ednh\u00e1z' alt='' \/><\/a> <a href='https:\/\/natours.hu\/wp-content\/uploads\/2019\/06\/fokuszjun2.jpg' data-rel='gallery-1' data-prev-img='https:\/\/natours.hu\/wp-content\/uploads\/2019\/06\/fokuszjun2-710x375.jpg' class='lightbox ' data-onclick='2' title=''  itemprop=\"thumbnailUrl\" ><img  src='https:\/\/natours.hu\/wp-content\/uploads\/2019\/06\/fokuszjun2-495x400.jpg' width='495' height='400'  title='Olasz naturista h\u0151skor' alt='' \/><\/a> <a href='https:\/\/natours.hu\/wp-content\/uploads\/2019\/06\/fokuszjuna.jpg' data-rel='gallery-1' data-prev-img='https:\/\/natours.hu\/wp-content\/uploads\/2019\/06\/fokuszjuna-710x375.jpg' class='lightbox ' data-onclick='3' title=''  itemprop=\"thumbnailUrl\" ><img  src='https:\/\/natours.hu\/wp-content\/uploads\/2019\/06\/fokuszjuna-495x400.jpg' width='495' height='400'  title='J\u00faniusi esem\u00e9nyek' alt='J\u00faliusi esem\u00e9nyek' \/><\/a> <a href='https:\/\/natours.hu\/wp-content\/uploads\/2019\/06\/fokuszjunb.jpg' data-rel='gallery-1' data-prev-img='https:\/\/natours.hu\/wp-content\/uploads\/2019\/06\/fokuszjunb-611x375.jpg' class='lightbox ' data-onclick='4' title=''  itemprop=\"thumbnailUrl\" ><img  src='https:\/\/natours.hu\/wp-content\/uploads\/2019\/06\/fokuszjunb-495x400.jpg' width='495' height='400'  title='J\u00faliusi esem\u00e9nyek' alt='J\u00faliusi esem\u00e9nyek' \/><\/a><\/div><\/div><\/div><div class=\"flex_column av_three_fifth  flex_column_div av-zero-column-padding first  \" style='border-radius:0px; '><\/div><\/p>\n","protected":false},"excerpt":{"rendered":"<p>Megjelent a j\u00faniusi F\u00f3kusz A Nemzetk\u00f6zi Naturista Sz\u00f6vets\u00e9g e havi h\u00edrlevel\u00e9ben olvashatunk t\u00f6bbek k\u00f6z\u00f6tt a t\u00e9li szerbiai t\u00f6rt\u00e9n\u00e9sekr\u0151l (magyarorsz\u00e1gi sz\u00e1l hogy M\u00f3rahalomra is ell\u00e1togattak ottani klubokb\u00f3l) \u00e9s helyi naturist\u00e1k terveir\u0151l.<\/p>\n","protected":false},"author":3,"featured_media":0,"comment_status":"closed","ping_status":"open","sticky":false,"template":"","format":"standard","meta":{"_hu_post_content":"[av_three_fifth first min_height='' vertical_alignment='' space='' custom_margin='' margin='0px' padding='0px' border='' border_color='' radius='0px' background_color='' src='' background_position='top left' background_repeat='no-repeat' animation='' mobile_display='']\r\n[av_textblock size='' font_color='' color='' admin_preview_bg='']\r\n<h2 id=\":13r\" class=\"hP\" tabindex=\"-1\" data-thread-perm-id=\"thread-f:1607131212941674616\" data-legacy-thread-id=\"164dad52bed4c878\">Megjelent a j\u00faniusi F\u00f3kusz<\/h2>\r\n<span style=\"font-size: 14pt;\"><strong>A Nemzetk\u00f6zi Naturista Sz\u00f6vets\u00e9g e havi h\u00edrlevel\u00e9ben olvashatunk t\u00f6bbek k\u00f6z\u00f6tt a t\u00e9li szerbiai t\u00f6rt\u00e9n\u00e9sekr\u0151l (magyarorsz\u00e1gi sz\u00e1l hogy M\u00f3rahalomra is ell\u00e1togattak ottani klubokb\u00f3l) \u00e9s helyi<\/strong><strong> naturist\u00e1k terveir\u0151l.\r\n<\/strong><\/span>\r\n\r\n<strong><!--more--><\/strong>\r\n\r\n<span style=\"font-size: 14pt;\">Majd az olasz naturizmus h\u0151skor\u00e1r\u00f3l tudunk meg t\u00f6bbet egy akkori neves vezet\u0151j\u00fck (Tomasi Operti) kapcs\u00e1n, a v\u00e9g\u00e9n pedig meztelen kort\u00e1rs t\u00e1ncel\u0151ad\u00e1sr\u00f3l tud\u00f3s\u00edtanak. Ez ut\u00f3bbit LetMeC_natur n\u00e9ven rendezt\u00e9k Budapesten. M\u00e9g lesz is el\u0151ad\u00e1suk, legk\u00f6zelebb j\u00fanius 6-\u00e1n, cs\u00fct\u00f6rt\u00f6k\u00f6n - a NaVKe-val val\u00f3 egy\u00fcttm\u0171k\u00f6d\u00e9sben. Szok\u00e1s szerint a j\u00faniusi \u00e9s j\u00faliusi v\u00e1rhat\u00f3 esem\u00e9nyek is megtal\u00e1lhat\u00f3ak a h\u00edrlev\u00e9lben - k\u00f6zt\u00fck a Szikin rendezettek is. Mindezekr\u0151l r\u00e9szleteket <a href=\"http:\/\/natours.hu\/wp-content\/uploads\/2019\/06\/INF_FF_Junius_HU_magyar_v2.pdf\">ide kattintva a mell\u00e9kelt PDF-f\u00e1jlban tal\u00e1lhattok.<\/a><\/span>\r\n[\/av_textblock]\r\n[\/av_three_fifth]\r\n\r\n[av_two_fifth min_height='' vertical_alignment='' space='' custom_margin='' margin='0px' padding='0px' border='' border_color='' radius='0px' background_color='' src='' background_position='top left' background_repeat='no-repeat' animation='' mobile_display='']\r\n\r\n[av_gallery ids='3420,3421,3437,3436' style='big_thumb' preview_size='magazine' crop_big_preview_thumbnail='avia-gallery-big-crop-thumb' thumb_size='portfolio' columns='4' imagelink='lightbox' lazyload='avia_lazyload' admin_preview_bg='']\r\n\r\n[\/av_two_fifth][av_three_fifth first min_height='' vertical_alignment='' space='' custom_margin='' margin='0px' padding='0px' border='' border_color='' radius='0px' background_color='' src='' background_position='top left' background_repeat='no-repeat' animation='' mobile_display=''][\/av_three_fifth]","_hu_post_name":"inf_ff201906","_hu_post_excerpt":"","_hu_post_title":"Megjelent a j\u00faniusi F\u00f3kusz","_en_post_content":"","_en_post_name":"","_en_post_excerpt":"","_en_post_title":"","edit_language":"hu"},"categories":[65,1],"tags":[],"_links":{"self":[{"href":"https:\/\/natours.hu\/hu\/wp-json\/wp\/v2\/posts\/3415"}],"collection":[{"href":"https:\/\/natours.hu\/hu\/wp-json\/wp\/v2\/posts"}],"about":[{"href":"https:\/\/natours.hu\/hu\/wp-json\/wp\/v2\/types\/post"}],"author":[{"embeddable":true,"href":"https:\/\/natours.hu\/hu\/wp-json\/wp\/v2\/users\/3"}],"replies":[{"embeddable":true,"href":"https:\/\/natours.hu\/hu\/wp-json\/wp\/v2\/comments?post=3415"}],"version-history":[{"count":12,"href":"https:\/\/natours.hu\/hu\/wp-json\/wp\/v2\/posts\/3415\/revisions"}],"predecessor-version":[{"id":3504,"href":"https:\/\/natours.hu\/hu\/wp-json\/wp\/v2\/posts\/3415\/revisions\/3504"}],"wp:attachment":[{"href":"https:\/\/natours.hu\/hu\/wp-json\/wp\/v2\/media?parent=3415"}],"wp:term":[{"taxonomy":"category","embeddable":true,"href":"https:\/\/natours.hu\/hu\/wp-json\/wp\/v2\/categories?post=3415"},{"taxonomy":"post_tag","embeddable":true,"href":"https:\/\/natours.hu\/hu\/wp-json\/wp\/v2\/tags?post=3415"}],"curies":[{"name":"wp","href":"https:\/\/api.w.org\/{rel}","templated":true}]}}