{"id":3490,"date":"2019-06-10T12:33:16","date_gmt":"2019-06-10T12:33:16","guid":{"rendered":"http:\/\/natours.hu\/hu\/?p=3490"},"modified":"2024-03-11T15:41:54","modified_gmt":"2024-03-11T15:41:54","slug":"gyereknap19","status":"publish","type":"post","link":"https:\/\/natours.hu\/hu\/gyereknap19\/","title":{"rendered":"Gyereknapot j\u00e1tszottunk, mindenki nagy \u00f6r\u00f6m\u00e9re!"},"content":{"rendered":"<div class=\"flex_column av_three_fifth  flex_column_div av-zero-column-padding first  \" style='border-radius:0px; '><section class=\"av_textblock_section\"  itemscope=\"itemscope\" itemtype=\"https:\/\/schema.org\/BlogPosting\" itemprop=\"blogPost\" ><div class='avia_textblock '   itemprop=\"text\" ><h2 id=\":13r\" class=\"hP\" tabindex=\"-1\" data-thread-perm-id=\"thread-f:1607131212941674616\" data-legacy-thread-id=\"164dad52bed4c878\">M\u00f3ka, j\u00e1t\u00e9k, kacag\u00e1s<\/h2>\n<p><span style=\"font-size: 14pt;\"><strong>&#8230;\u00e9s persze sz\u00f3rakoztat\u00f3 vet\u00e9lked\u0151k sz\u00ednes\u00edtett\u00e9k idei gyermeknapunk programjait. <\/strong><\/span><\/p>\n<p><strong><!--more--><\/strong><\/p>\n<p><span style=\"font-size: 14pt;\">Hagyom\u00e1nyosan n\u00e1lunk nem m\u00e1jus utols\u00f3 vas\u00e1rnapj\u00e1n hanem utols\u00f3 szombatj\u00e1n tartjuk a gyereknapot. \u00cdgy tett\u00fcnk id\u00e9n is. Most sem voltunk h\u00edj\u00e1n a kicsiket sz\u00f3rakoztat\u00f3 versenysz\u00e1moknak, vet\u00e9lked\u0151knek: biciklis lass\u00fas\u00e1gi, hulahopp, \u00fcd\u00edt\u0151iv\u00f3 \u00e9s ugr\u00f3k\u00f6telez\u00e9s, illetve darts-szal val\u00f3 lufieltal\u00e1l\u00f3-verseny. (A lufik v\u00edzibombak\u00e9nt is n\u00e9pszer\u0171ek voltak.) Csill\u00e1mtestfest\u00e9s \u00e9s s\u00f3gyurm\u00e1z\u00e1s sz\u00ednes\u00edtette a programokat. A j\u00e9gk\u00f6p\u00e9sbe m\u00e9g t\u00falkoros gyerekek (&#8220;feln\u0151ttek&#8221;) is besz\u00e1llhattak. M\u00e1r csak az a k\u00e9rd\u00e9s hogy vajon a kicsik vagy a nagyok \u00e9lvezt\u00e9k jobban az eg\u00e9szet! \ud83d\ude42<br \/>\n<\/span><\/p>\n<\/div><\/section><\/div><div class=\"flex_column av_two_fifth  flex_column_div av-zero-column-padding   \" style='border-radius:0px; '><div class='avia-gallery avia-gallery-1 avia_lazyload avia_animate_when_visible '  itemscope=\"itemscope\" itemtype=\"https:\/\/schema.org\/ImageObject\" ><a class='avia-gallery-big fakeLightbox lightbox avia-gallery-big-crop-thumb ' href='https:\/\/natours.hu\/wp-content\/uploads\/2019\/06\/SZIKI-gyereknap-2019_007.jpg'  data-onclick='1' title='' ><span class='avia-gallery-big-inner'  itemprop=\"thumbnailUrl\" >\t<img width='600' height='338' src='https:\/\/natours.hu\/wp-content\/uploads\/2019\/06\/SZIKI-gyereknap-2019_007.jpg' title='SZIKI gyereknap 2019_007' alt='' \/><\/span><\/a><div class='avia-gallery-thumb'> <a href='https:\/\/natours.hu\/wp-content\/uploads\/2019\/06\/SZIKI-gyereknap-2019_007.jpg' data-rel='gallery-1' data-prev-img='https:\/\/natours.hu\/wp-content\/uploads\/2019\/06\/SZIKI-gyereknap-2019_007.jpg' class='first_thumb lightbox ' data-onclick='1' title=''  itemprop=\"thumbnailUrl\" ><img  src='https:\/\/natours.hu\/wp-content\/uploads\/2019\/06\/SZIKI-gyereknap-2019_007-260x185.jpg' width='260' height='185'  title='SZIKI gyereknap 2019_007' alt='' \/><\/a> <a href='https:\/\/natours.hu\/wp-content\/uploads\/2019\/06\/SZIKI-gyereknap-2019_015.jpg' data-rel='gallery-1' data-prev-img='https:\/\/natours.hu\/wp-content\/uploads\/2019\/06\/SZIKI-gyereknap-2019_015.jpg' class='lightbox ' data-onclick='2' title=''  itemprop=\"thumbnailUrl\" ><img  src='https:\/\/natours.hu\/wp-content\/uploads\/2019\/06\/SZIKI-gyereknap-2019_015-260x185.jpg' width='260' height='185'  title='SZIKI gyereknap 2019_015' alt='' \/><\/a> <a href='https:\/\/natours.hu\/wp-content\/uploads\/2019\/06\/SZIKI-gyereknap-2019_022.jpg' data-rel='gallery-1' data-prev-img='https:\/\/natours.hu\/wp-content\/uploads\/2019\/06\/SZIKI-gyereknap-2019_022.jpg' class='lightbox ' data-onclick='3' title=''  itemprop=\"thumbnailUrl\" ><img  src='https:\/\/natours.hu\/wp-content\/uploads\/2019\/06\/SZIKI-gyereknap-2019_022-260x185.jpg' width='260' height='185'  title='SZIKI gyereknap 2019_022' alt='' \/><\/a> <a href='https:\/\/natours.hu\/wp-content\/uploads\/2019\/06\/SZIKI-gyereknap-2019_033.jpg' data-rel='gallery-1' data-prev-img='https:\/\/natours.hu\/wp-content\/uploads\/2019\/06\/SZIKI-gyereknap-2019_033.jpg' class='lightbox ' data-onclick='4' title=''  itemprop=\"thumbnailUrl\" ><img  src='https:\/\/natours.hu\/wp-content\/uploads\/2019\/06\/SZIKI-gyereknap-2019_033-260x185.jpg' width='260' height='185'  title='SZIKI gyereknap 2019_033' alt='' \/><\/a> <a href='https:\/\/natours.hu\/wp-content\/uploads\/2019\/06\/SZIKI-gyereknap-2019_039.jpg' data-rel='gallery-1' data-prev-img='https:\/\/natours.hu\/wp-content\/uploads\/2019\/06\/SZIKI-gyereknap-2019_039.jpg' class='lightbox ' data-onclick='5' title=''  itemprop=\"thumbnailUrl\" ><img  src='https:\/\/natours.hu\/wp-content\/uploads\/2019\/06\/SZIKI-gyereknap-2019_039-260x185.jpg' width='260' height='185'  title='SZIKI gyereknap 2019_039' alt='' \/><\/a> <a href='https:\/\/natours.hu\/wp-content\/uploads\/2019\/06\/SZIKI-gyereknap-2019_046.jpg' data-rel='gallery-1' data-prev-img='https:\/\/natours.hu\/wp-content\/uploads\/2019\/06\/SZIKI-gyereknap-2019_046.jpg' class='first_thumb lightbox ' data-onclick='6' title=''  itemprop=\"thumbnailUrl\" ><img  src='https:\/\/natours.hu\/wp-content\/uploads\/2019\/06\/SZIKI-gyereknap-2019_046-260x185.jpg' width='260' height='185'  title='SZIKI gyereknap 2019_046' alt='' \/><\/a> <a href='https:\/\/natours.hu\/wp-content\/uploads\/2019\/06\/SZIKI-gyereknap-2019_050.jpg' data-rel='gallery-1' data-prev-img='https:\/\/natours.hu\/wp-content\/uploads\/2019\/06\/SZIKI-gyereknap-2019_050.jpg' class='lightbox ' data-onclick='7' title=''  itemprop=\"thumbnailUrl\" ><img  src='https:\/\/natours.hu\/wp-content\/uploads\/2019\/06\/SZIKI-gyereknap-2019_050-260x185.jpg' width='260' height='185'  title='SZIKI gyereknap 2019_050' alt='' \/><\/a> <a href='https:\/\/natours.hu\/wp-content\/uploads\/2019\/06\/SZIKI-gyereknap-2019_086.jpg' data-rel='gallery-1' data-prev-img='https:\/\/natours.hu\/wp-content\/uploads\/2019\/06\/SZIKI-gyereknap-2019_086-338x375.jpg' class='lightbox ' data-onclick='8' title=''  itemprop=\"thumbnailUrl\" ><img  src='https:\/\/natours.hu\/wp-content\/uploads\/2019\/06\/SZIKI-gyereknap-2019_086-260x185.jpg' width='260' height='185'  title='SZIKI gyereknap 2019_086' alt='' \/><\/a> <a href='https:\/\/natours.hu\/wp-content\/uploads\/2019\/06\/SZIKI-gyereknap-2019_092.jpg' data-rel='gallery-1' data-prev-img='https:\/\/natours.hu\/wp-content\/uploads\/2019\/06\/SZIKI-gyereknap-2019_092.jpg' class='lightbox ' data-onclick='9' title=''  itemprop=\"thumbnailUrl\" ><img  src='https:\/\/natours.hu\/wp-content\/uploads\/2019\/06\/SZIKI-gyereknap-2019_092-260x185.jpg' width='260' height='185'  title='SZIKI gyereknap 2019_092' alt='' \/><\/a> <a href='https:\/\/natours.hu\/wp-content\/uploads\/2019\/06\/SZIKI-gyereknap-2019_102.jpg' data-rel='gallery-1' data-prev-img='https:\/\/natours.hu\/wp-content\/uploads\/2019\/06\/SZIKI-gyereknap-2019_102-600x375.jpg' class='lightbox ' data-onclick='10' title=''  itemprop=\"thumbnailUrl\" ><img  src='https:\/\/natours.hu\/wp-content\/uploads\/2019\/06\/SZIKI-gyereknap-2019_102-260x185.jpg' width='260' height='185'  title='SZIKI gyereknap 2019_102' alt='' \/><\/a><\/div><\/div><\/div><\/p>\n","protected":false},"excerpt":{"rendered":"<p>M\u00f3ka, j\u00e1t\u00e9k, kacag\u00e1s &#8230;\u00e9s persze sz\u00f3rakoztat\u00f3 vet\u00e9lked\u0151k sz\u00ednes\u00edtett\u00e9k idei gyermeknapunk programjait.<\/p>\n","protected":false},"author":3,"featured_media":0,"comment_status":"closed","ping_status":"open","sticky":false,"template":"","format":"standard","meta":{"_hu_post_content":"[av_three_fifth first min_height='' vertical_alignment='' space='' custom_margin='' margin='0px' padding='0px' border='' border_color='' radius='0px' background_color='' src='' background_position='top left' background_repeat='no-repeat' animation='' mobile_display='']\r\n\r\n[av_textblock size='' font_color='' color='' admin_preview_bg='']\r\n<h2 id=\":13r\" class=\"hP\" tabindex=\"-1\" data-thread-perm-id=\"thread-f:1607131212941674616\" data-legacy-thread-id=\"164dad52bed4c878\">M\u00f3ka, j\u00e1t\u00e9k, kacag\u00e1s<\/h2>\r\n<span style=\"font-size: 14pt;\"><strong>...\u00e9s persze sz\u00f3rakoztat\u00f3 vet\u00e9lked\u0151k sz\u00ednes\u00edtett\u00e9k idei gyermeknapunk programjait. <\/strong><\/span>\r\n\r\n<strong><!--more--><\/strong>\r\n\r\n<span style=\"font-size: 14pt;\">Hagyom\u00e1nyosan n\u00e1lunk nem m\u00e1jus utols\u00f3 vas\u00e1rnapj\u00e1n hanem utols\u00f3 szombatj\u00e1n tartjuk a gyereknapot. \u00cdgy tett\u00fcnk id\u00e9n is. Most sem voltunk h\u00edj\u00e1n a kicsiket sz\u00f3rakoztat\u00f3 versenysz\u00e1moknak, vet\u00e9lked\u0151knek: biciklis lass\u00fas\u00e1gi, hulahopp, \u00fcd\u00edt\u0151iv\u00f3 \u00e9s ugr\u00f3k\u00f6telez\u00e9s, illetve darts-szal val\u00f3 lufieltal\u00e1l\u00f3-verseny. (A lufik v\u00edzibombak\u00e9nt is n\u00e9pszer\u0171ek voltak.) Csill\u00e1mtestfest\u00e9s \u00e9s s\u00f3gyurm\u00e1z\u00e1s sz\u00ednes\u00edtette a programokat. A j\u00e9gk\u00f6p\u00e9sbe m\u00e9g t\u00falkoros gyerekek (\"feln\u0151ttek\") is besz\u00e1llhattak. M\u00e1r csak az a k\u00e9rd\u00e9s hogy vajon a kicsik vagy a nagyok \u00e9lvezt\u00e9k jobban az eg\u00e9szet! :)\r\n<\/span>\r\n[\/av_textblock]\r\n\r\n[\/av_three_fifth][av_two_fifth min_height='' vertical_alignment='' space='' custom_margin='' margin='0px' padding='0px' border='' border_color='' radius='0px' background_color='' src='' background_position='top left' background_repeat='no-repeat' animation='' mobile_display='']\r\n[av_gallery ids='3491,3492,3493,3494,3495,3496,3497,3498,3499,3500' style='big_thumb' preview_size='magazine' crop_big_preview_thumbnail='avia-gallery-big-crop-thumb' thumb_size='portfolio_small' columns='5' imagelink='lightbox' lazyload='avia_lazyload' admin_preview_bg='']\r\n[\/av_two_fifth]","_hu_post_name":"gyereknap19","_hu_post_excerpt":"","_hu_post_title":"Gyereknapot j\u00e1tszottunk, mindenki nagy \u00f6r\u00f6m\u00e9re!","_en_post_content":"","_en_post_name":"","_en_post_excerpt":"","_en_post_title":"","edit_language":"hu"},"categories":[65,1],"tags":[],"_links":{"self":[{"href":"https:\/\/natours.hu\/hu\/wp-json\/wp\/v2\/posts\/3490"}],"collection":[{"href":"https:\/\/natours.hu\/hu\/wp-json\/wp\/v2\/posts"}],"about":[{"href":"https:\/\/natours.hu\/hu\/wp-json\/wp\/v2\/types\/post"}],"author":[{"embeddable":true,"href":"https:\/\/natours.hu\/hu\/wp-json\/wp\/v2\/users\/3"}],"replies":[{"embeddable":true,"href":"https:\/\/natours.hu\/hu\/wp-json\/wp\/v2\/comments?post=3490"}],"version-history":[{"count":6,"href":"https:\/\/natours.hu\/hu\/wp-json\/wp\/v2\/posts\/3490\/revisions"}],"predecessor-version":[{"id":3564,"href":"https:\/\/natours.hu\/hu\/wp-json\/wp\/v2\/posts\/3490\/revisions\/3564"}],"wp:attachment":[{"href":"https:\/\/natours.hu\/hu\/wp-json\/wp\/v2\/media?parent=3490"}],"wp:term":[{"taxonomy":"category","embeddable":true,"href":"https:\/\/natours.hu\/hu\/wp-json\/wp\/v2\/categories?post=3490"},{"taxonomy":"post_tag","embeddable":true,"href":"https:\/\/natours.hu\/hu\/wp-json\/wp\/v2\/tags?post=3490"}],"curies":[{"name":"wp","href":"https:\/\/api.w.org\/{rel}","templated":true}]}}