{"id":6752,"date":"2023-05-25T06:54:12","date_gmt":"2023-05-25T06:54:12","guid":{"rendered":"https:\/\/natours.hu\/hu\/?p=6752"},"modified":"2024-03-11T15:26:05","modified_gmt":"2024-03-11T15:26:05","slug":"gyermeknap-es-kempingszepites-kalakaban","status":"publish","type":"post","link":"https:\/\/natours.hu\/hu\/gyermeknap-es-kempingszepites-kalakaban\/","title":{"rendered":"Gyermeknap \u00e9s Kempingsz\u00e9p\u00edt\u00e9s kal\u00e1k\u00e1ban"},"content":{"rendered":"<section class=\"av_textblock_section\"  itemscope=\"itemscope\" itemtype=\"https:\/\/schema.org\/BlogPosting\" itemprop=\"blogPost\" ><div class='avia_textblock '   itemprop=\"text\" ><h4 style=\"text-align: center;\">Gyermeknap \u00e9s Kempingsz\u00e9p\u00edt\u00e9s kal\u00e1k\u00e1ban<\/h4>\n<\/div><\/section>\n<section class=\"av_textblock_section\"  itemscope=\"itemscope\" itemtype=\"https:\/\/schema.org\/BlogPosting\" itemprop=\"blogPost\" ><div class='avia_textblock '   itemprop=\"text\" ><p>Kedves Szikis Gyerekek \u00e9s Feln\u0151ttek!<\/p>\n<p>Szok\u00e1sainkhoz h\u00edven szombaton <strong>GYERMEKNAPOT<\/strong> tartunk a Szikin <strong>m\u00e1jus 27<\/strong>-\u00e9n, hogy vas\u00e1rnap el tudjatok menni m\u00e1s esem\u00e9nyre is! Ahogy kor\u00e1bban is meg\u00edrtuk, ugyanezen a napon rendezz\u00fck meg a <strong>KEMPINGSZ\u00c9P\u00cdT\u00c9S KAL\u00c1K\u00c1BAN<\/strong> programunkat is, ami a feln\u0151tt vend\u00e9geink sz\u00e1m\u00e1ra hasznos id\u0151t\u00f6lt\u00e9s lehet.<\/p>\n<p>A 18 \u00e9ven aluliak sz\u00e1m\u00e1ra aznap ingyenes bel\u00e9p\u0151 mellett m\u00e9g az al\u00e1bbi, kor\u00e1bbi \u00e9vekben is megszokott gyereknapi programok lesznek 11 \u00f3r\u00e1t\u00f3l:<\/p>\n<p>\u00c9letnagys\u00e1g\u00fa am\u0151ba bajnoks\u00e1g<br \/>\nT\u00e1rsasj\u00e1t\u00e9kok<br \/>\nSorversenyek, \u00fcgyess\u00e9gi j\u00e1t\u00e9kok<br \/>\n\u201eSzivacsos\u201d m\u00f3ka<br \/>\nSz\u00e1llj el kismad\u00e1r!<br \/>\nBubor\u00e9k k\u00e9sz\u00edt\u0151<br \/>\nHomokv\u00e1r \u00e9p\u00edt\u00e9s<br \/>\nKreat\u00edv szieszta<br \/>\nGyermeknapi plak\u00e1t k\u00e9sz\u00edt\u00e9se<br \/>\nCsocs\u00f3, bili\u00e1rd<br \/>\nKonzervdoboz piramis<br \/>\nVattacukor k\u00e9sz\u00edt\u00e9s<br \/>\nM\u00e1lyvacukor s\u00fct\u00f6get\u00e9s<\/p>\n<p>Gyertek, v\u00e1runk!<br \/>\na Sziki csapata<\/p>\n<\/div><\/section>\n<div class='avia-gallery avia-gallery-1 deactivate_avia_lazyload avia_animate_when_visible '  itemscope=\"itemscope\" itemtype=\"https:\/\/schema.org\/ImageObject\" ><div class='avia-gallery-thumb'> <a href='https:\/\/natours.hu\/wp-content\/uploads\/2023\/05\/SZIKI-gyereknap-2019_048-1030x579.jpg' data-rel='gallery-1' data-prev-img='https:\/\/natours.hu\/wp-content\/uploads\/2023\/05\/SZIKI-gyereknap-2019_048-495x400.jpg' class='first_thumb lightbox ' data-onclick='1' title=''  itemprop=\"thumbnailUrl\" ><img  src='https:\/\/natours.hu\/wp-content\/uploads\/2023\/05\/SZIKI-gyereknap-2019_048-845x684.jpg' width='845' height='684'  title='SZIKI gyereknap 2019_048' alt='' \/><\/a> <a href='https:\/\/natours.hu\/wp-content\/uploads\/2023\/05\/Z5P_2902-688x1030.jpg' data-rel='gallery-1' data-prev-img='https:\/\/natours.hu\/wp-content\/uploads\/2023\/05\/Z5P_2902-495x400.jpg' class='lightbox ' data-onclick='2' title=''  itemprop=\"thumbnailUrl\" ><img  src='https:\/\/natours.hu\/wp-content\/uploads\/2023\/05\/Z5P_2902-845x684.jpg' width='845' height='684'  title='Z5P_2902' alt='' \/><\/a><\/div><\/div>\n","protected":false},"excerpt":{"rendered":"","protected":false},"author":6,"featured_media":0,"comment_status":"closed","ping_status":"open","sticky":false,"template":"","format":"standard","meta":{"_hu_post_content":"[av_textblock size='' font_color='' color='' admin_preview_bg='']\r\n<h4 style=\"text-align: center;\">Gyermeknap \u00e9s Kempingsz\u00e9p\u00edt\u00e9s kal\u00e1k\u00e1ban<\/h4>\r\n[\/av_textblock]\r\n\r\n[av_textblock size='' font_color='' color='' admin_preview_bg='']\r\nKedves Szikis Gyerekek \u00e9s Feln\u0151ttek!\r\n\r\nSzok\u00e1sainkhoz h\u00edven szombaton <strong>GYERMEKNAPOT<\/strong> tartunk a Szikin <strong>m\u00e1jus 27<\/strong>-\u00e9n, hogy vas\u00e1rnap el tudjatok menni m\u00e1s esem\u00e9nyre is! Ahogy kor\u00e1bban is meg\u00edrtuk, ugyanezen a napon rendezz\u00fck meg a <strong>KEMPINGSZ\u00c9P\u00cdT\u00c9S KAL\u00c1K\u00c1BAN<\/strong> programunkat is, ami a feln\u0151tt vend\u00e9geink sz\u00e1m\u00e1ra hasznos id\u0151t\u00f6lt\u00e9s lehet.\r\n\r\nA 18 \u00e9ven aluliak sz\u00e1m\u00e1ra aznap ingyenes bel\u00e9p\u0151 mellett m\u00e9g az al\u00e1bbi, kor\u00e1bbi \u00e9vekben is megszokott gyereknapi programok lesznek 11 \u00f3r\u00e1t\u00f3l:\r\n\r\n\u00c9letnagys\u00e1g\u00fa am\u0151ba bajnoks\u00e1g\r\nT\u00e1rsasj\u00e1t\u00e9kok\r\nSorversenyek, \u00fcgyess\u00e9gi j\u00e1t\u00e9kok\r\n\u201eSzivacsos\u201d m\u00f3ka\r\nSz\u00e1llj el kismad\u00e1r!\r\nBubor\u00e9k k\u00e9sz\u00edt\u0151\r\nHomokv\u00e1r \u00e9p\u00edt\u00e9s\r\nKreat\u00edv szieszta\r\nGyermeknapi plak\u00e1t k\u00e9sz\u00edt\u00e9se\r\nCsocs\u00f3, bili\u00e1rd\r\nKonzervdoboz piramis\r\nVattacukor k\u00e9sz\u00edt\u00e9s\r\nM\u00e1lyvacukor s\u00fct\u00f6get\u00e9s\r\n\r\nGyertek, v\u00e1runk!\r\na Sziki csapata\r\n[\/av_textblock]\r\n\r\n[av_gallery ids='6754,6755' style='thumbnails' preview_size='portfolio' crop_big_preview_thumbnail='avia-gallery-big-crop-thumb' thumb_size='gallery' columns='5' imagelink='lightbox' lazyload='deactivate_avia_lazyload' admin_preview_bg='']","_hu_post_name":"gyermeknap-es-kempingszepites-kalakaban","_hu_post_excerpt":"","_hu_post_title":"Gyermeknap \u00e9s Kempingsz\u00e9p\u00edt\u00e9s kal\u00e1k\u00e1ban","_en_post_content":"","_en_post_name":"","_en_post_excerpt":"","_en_post_title":"","edit_language":"hu"},"categories":[61,1],"tags":[],"_links":{"self":[{"href":"https:\/\/natours.hu\/hu\/wp-json\/wp\/v2\/posts\/6752"}],"collection":[{"href":"https:\/\/natours.hu\/hu\/wp-json\/wp\/v2\/posts"}],"about":[{"href":"https:\/\/natours.hu\/hu\/wp-json\/wp\/v2\/types\/post"}],"author":[{"embeddable":true,"href":"https:\/\/natours.hu\/hu\/wp-json\/wp\/v2\/users\/6"}],"replies":[{"embeddable":true,"href":"https:\/\/natours.hu\/hu\/wp-json\/wp\/v2\/comments?post=6752"}],"version-history":[{"count":4,"href":"https:\/\/natours.hu\/hu\/wp-json\/wp\/v2\/posts\/6752\/revisions"}],"predecessor-version":[{"id":6758,"href":"https:\/\/natours.hu\/hu\/wp-json\/wp\/v2\/posts\/6752\/revisions\/6758"}],"wp:attachment":[{"href":"https:\/\/natours.hu\/hu\/wp-json\/wp\/v2\/media?parent=6752"}],"wp:term":[{"taxonomy":"category","embeddable":true,"href":"https:\/\/natours.hu\/hu\/wp-json\/wp\/v2\/categories?post=6752"},{"taxonomy":"post_tag","embeddable":true,"href":"https:\/\/natours.hu\/hu\/wp-json\/wp\/v2\/tags?post=6752"}],"curies":[{"name":"wp","href":"https:\/\/api.w.org\/{rel}","templated":true}]}}