{"id":7212,"date":"2023-08-14T11:08:24","date_gmt":"2023-08-14T11:08:24","guid":{"rendered":"https:\/\/natours.hu\/hu\/?p=7212"},"modified":"2024-03-11T15:25:08","modified_gmt":"2024-03-11T15:25:08","slug":"naplemente-es-hullocsillagnezo-buli","status":"publish","type":"post","link":"https:\/\/natours.hu\/hu\/naplemente-es-hullocsillagnezo-buli\/","title":{"rendered":"Naplemente- \u00e9s Hull\u00f3csillagn\u00e9z\u0151 Buli"},"content":{"rendered":"<section class=\"av_textblock_section\"  itemscope=\"itemscope\" itemtype=\"https:\/\/schema.org\/BlogPosting\" itemprop=\"blogPost\" ><div class='avia_textblock '   itemprop=\"text\" ><h4 style=\"text-align: center;\">Naplemente- \u00e9s Hull\u00f3csillagn\u00e9z\u0151 Buli<\/h4>\n<\/div><\/section>\n<section class=\"av_textblock_section\"  itemscope=\"itemscope\" itemtype=\"https:\/\/schema.org\/BlogPosting\" itemprop=\"blogPost\" ><div class='avia_textblock '   itemprop=\"text\" ><p>Augusztus 19.-\u00e9n lesz a Naplemente- \u00e9s Hull\u00f3csillagn\u00e9z\u0151 Buli a Szikin, melyre mindenkit sok szeretettel v\u00e1runk. Gyertek el, hogy egy\u00fctt gy\u00f6ny\u00f6rk\u00f6dhess\u00fcnk a naplement\u00e9ben, a csod\u00e1latos \u00e9jszakai \u00e9gboltban \u00e9s a hull\u00f3csillagok l\u00e1tv\u00e1ny\u00e1ban! A t\u00f3 partj\u00e1n m\u00e1r nem l\u00e1tszanak a v\u00e1ros f\u00e9nyei, \u00edgy kiv\u00e1l\u00f3 helysz\u00edn, hogy zavartalanul megfigyelhess\u00fck a csillagokat, mik\u00f6zben egy\u00fctt t\u00f6ltj\u00fck ezen v\u00e1rhat\u00f3an eml\u00e9kezetes est\u00e9t. Term\u00e9szetesen megeml\u00e9kez\u00fcnk az \u00e1llami \u00fcnnepr\u0151l is, lesz mini t\u0171zij\u00e1t\u00e9k, \u00e9s megn\u00e9zz\u00fck az Istv\u00e1n, a kir\u00e1ly rockoper\u00e1t is k\u00f6z\u00f6sen. Ig\u00e9ny szerint lesz Cs\u00facs disco is, v\u00e1ltozatos zenei reperto\u00e1rral. Gyertek el min\u00e9l t\u00f6bben, \u00e9s \u00e9rezz\u00e9tek j\u00f3l magatokat a mi kis paradicsomunkban!<\/p>\n<p>A Sziki csapata<\/p>\n<p>Ui.: Ha nem lesznek hull\u00f3csillagok, akkor majd fell\u00f6v\u00fcnk Attil\u00e1val n\u00e9h\u00e1nyat. \ud83d\ude00<\/p>\n<\/div><\/section>\n<div class='avia-image-container  av-styling-   avia-align-center '  itemscope=\"itemscope\" itemtype=\"https:\/\/schema.org\/ImageObject\"  ><div class='avia-image-container-inner'><img class='avia_image ' src='https:\/\/natours.hu\/wp-content\/uploads\/2023\/08\/Tuzijatek.jpg' alt='' title='Tuzijatek'   itemprop=\"thumbnailUrl\"  \/><\/div><\/div>\n","protected":false},"excerpt":{"rendered":"","protected":false},"author":6,"featured_media":7213,"comment_status":"closed","ping_status":"open","sticky":false,"template":"","format":"standard","meta":{"_hu_post_content":"[av_textblock size='' font_color='' color='' admin_preview_bg='']\r\n<h4 style=\"text-align: center;\">Naplemente- \u00e9s Hull\u00f3csillagn\u00e9z\u0151 Buli<\/h4>\r\n[\/av_textblock]\r\n\r\n[av_textblock size='' font_color='' color='' admin_preview_bg='']\r\nAugusztus 19.-\u00e9n lesz a Naplemente- \u00e9s Hull\u00f3csillagn\u00e9z\u0151 Buli a Szikin, melyre mindenkit sok szeretettel v\u00e1runk. Gyertek el, hogy egy\u00fctt gy\u00f6ny\u00f6rk\u00f6dhess\u00fcnk a naplement\u00e9ben, a csod\u00e1latos \u00e9jszakai \u00e9gboltban \u00e9s a hull\u00f3csillagok l\u00e1tv\u00e1ny\u00e1ban! A t\u00f3 partj\u00e1n m\u00e1r nem l\u00e1tszanak a v\u00e1ros f\u00e9nyei, \u00edgy kiv\u00e1l\u00f3 helysz\u00edn, hogy zavartalanul megfigyelhess\u00fck a csillagokat, mik\u00f6zben egy\u00fctt t\u00f6ltj\u00fck ezen v\u00e1rhat\u00f3an eml\u00e9kezetes est\u00e9t. Term\u00e9szetesen megeml\u00e9kez\u00fcnk az \u00e1llami \u00fcnnepr\u0151l is, lesz mini t\u0171zij\u00e1t\u00e9k, \u00e9s megn\u00e9zz\u00fck az Istv\u00e1n, a kir\u00e1ly rockoper\u00e1t is k\u00f6z\u00f6sen. Ig\u00e9ny szerint lesz Cs\u00facs disco is, v\u00e1ltozatos zenei reperto\u00e1rral. Gyertek el min\u00e9l t\u00f6bben, \u00e9s \u00e9rezz\u00e9tek j\u00f3l magatokat a mi kis paradicsomunkban!\r\n\r\nA Sziki csapata\r\n\r\nUi.: Ha nem lesznek hull\u00f3csillagok, akkor majd fell\u00f6v\u00fcnk Attil\u00e1val n\u00e9h\u00e1nyat. :D\r\n[\/av_textblock]\r\n\r\n[av_image src='https:\/\/natours.hu\/wp-content\/uploads\/2023\/08\/Tuzijatek.jpg' attachment='7213' attachment_size='full' align='center' styling='' hover='' link='' target='' caption='' font_size='' appearance='' overlay_opacity='0.4' overlay_color='#000000' overlay_text_color='#ffffff' animation='no-animation' admin_preview_bg=''][\/av_image]","_hu_post_name":"naplemente-es-hullocsillagnezo-buli","_hu_post_excerpt":"","_hu_post_title":"Naplemente- \u00e9s Hull\u00f3csillagn\u00e9z\u0151 Buli","_en_post_content":"","_en_post_name":"","_en_post_excerpt":"","_en_post_title":"","edit_language":"hu"},"categories":[61,1],"tags":[],"_links":{"self":[{"href":"https:\/\/natours.hu\/hu\/wp-json\/wp\/v2\/posts\/7212"}],"collection":[{"href":"https:\/\/natours.hu\/hu\/wp-json\/wp\/v2\/posts"}],"about":[{"href":"https:\/\/natours.hu\/hu\/wp-json\/wp\/v2\/types\/post"}],"author":[{"embeddable":true,"href":"https:\/\/natours.hu\/hu\/wp-json\/wp\/v2\/users\/6"}],"replies":[{"embeddable":true,"href":"https:\/\/natours.hu\/hu\/wp-json\/wp\/v2\/comments?post=7212"}],"version-history":[{"count":4,"href":"https:\/\/natours.hu\/hu\/wp-json\/wp\/v2\/posts\/7212\/revisions"}],"predecessor-version":[{"id":7234,"href":"https:\/\/natours.hu\/hu\/wp-json\/wp\/v2\/posts\/7212\/revisions\/7234"}],"wp:featuredmedia":[{"embeddable":true,"href":"https:\/\/natours.hu\/hu\/wp-json\/wp\/v2\/media\/7213"}],"wp:attachment":[{"href":"https:\/\/natours.hu\/hu\/wp-json\/wp\/v2\/media?parent=7212"}],"wp:term":[{"taxonomy":"category","embeddable":true,"href":"https:\/\/natours.hu\/hu\/wp-json\/wp\/v2\/categories?post=7212"},{"taxonomy":"post_tag","embeddable":true,"href":"https:\/\/natours.hu\/hu\/wp-json\/wp\/v2\/tags?post=7212"}],"curies":[{"name":"wp","href":"https:\/\/api.w.org\/{rel}","templated":true}]}}