{"id":7261,"date":"2023-09-07T14:28:05","date_gmt":"2023-09-07T14:28:05","guid":{"rendered":"https:\/\/natours.hu\/hu\/?p=7261"},"modified":"2024-03-11T15:25:08","modified_gmt":"2024-03-11T15:25:08","slug":"kemping-zarohetvege","status":"publish","type":"post","link":"https:\/\/natours.hu\/hu\/kemping-zarohetvege\/","title":{"rendered":"Kemping z\u00e1r\u00f3h\u00e9tv\u00e9ge"},"content":{"rendered":"<section class=\"av_textblock_section\"  itemscope=\"itemscope\" itemtype=\"https:\/\/schema.org\/BlogPosting\" itemprop=\"blogPost\" ><div class='avia_textblock '   itemprop=\"text\" ><h4 style=\"text-align: center;\">Kemping z\u00e1r\u00f3h\u00e9tv\u00e9ge<\/h4>\n<\/div><\/section>\n<section class=\"av_textblock_section\"  itemscope=\"itemscope\" itemtype=\"https:\/\/schema.org\/BlogPosting\" itemprop=\"blogPost\" ><div class='avia_textblock '   itemprop=\"text\" ><p>Kedves Szikis Bar\u00e1taink!<\/p>\n<p>Elj\u00f6tt a szezonz\u00e1r\u00e1s ideje. Id\u00e9n is sok \u00e9lm\u00e9nnyel gazdagodtunk, vid\u00e1man, esem\u00e9nyd\u00fasan telt az id\u0151. Volt m\u0171v\u00e9szt\u00e1bor, f\u0151zt\u00fcnk, a fiatal gener\u00e1ci\u00f3 is tal\u00e1lkozott, \u00f6nfeledten j\u00e1tszott, \u00fajra egy\u00fctt buliztunk holland bar\u00e1tainkkal is. Sportoltunk, karaokeztunk, diszk\u00f3ztunk. Megeml\u00e9kezt\u00fcnk az \u00e1llamalap\u00edt\u00e1sr\u00f3l is szabadt\u00e9ri mozival, t\u0171zij\u00e1t\u00e9kkal. Sz\u00f3val, szuper volt a szikis ny\u00e1r. Ezt lez\u00e1rand\u00f3 szeptember 16-17-\u00e9n lesz a Kemping z\u00e1r\u00f3h\u00e9tv\u00e9ge. Szombaton 12 \u00f3rakor f\u00f3rumot tartunk, amikor is megvitatjuk az elm\u00falt id\u0151szakot, k\u00e9rd\u00e9seket tehettek fel J\u00e1nosnak, amikre, ha tud, sz\u00edvesen v\u00e1laszol. Hogy meg\u00fcnnepelj\u00fck az egy\u00fctt t\u00f6lt\u00f6tt nyarat, szint\u00e9n szombaton este \u00f6sszt\u0171z is lesz a szokott helyen, a t\u0171zrak\u00f3n\u00e1l. Ha szeretn\u00e9tek r\u00e9szt venni az grillez\u00e9sen, akkor k\u00e9rj\u00fck, gondoskodjatok magatoknak s\u00fctnival\u00f3r\u00f3l! Gyertek, sok szeretettel v\u00e1runk Benneteket!<\/p>\n<p>A Sziki csapata.<\/p>\n<\/div><\/section>\n","protected":false},"excerpt":{"rendered":"","protected":false},"author":6,"featured_media":0,"comment_status":"closed","ping_status":"open","sticky":false,"template":"","format":"standard","meta":{"_hu_post_content":"[av_textblock size='' font_color='' color='' admin_preview_bg='']\r\n<h4 style=\"text-align: center;\">Kemping z\u00e1r\u00f3h\u00e9tv\u00e9ge<\/h4>\r\n[\/av_textblock]\r\n\r\n[av_textblock size='' font_color='' color='' admin_preview_bg='']\r\nKedves Szikis Bar\u00e1taink!\r\n\r\nElj\u00f6tt a szezonz\u00e1r\u00e1s ideje. Id\u00e9n is sok \u00e9lm\u00e9nnyel gazdagodtunk, vid\u00e1man, esem\u00e9nyd\u00fasan telt az id\u0151. Volt m\u0171v\u00e9szt\u00e1bor, f\u0151zt\u00fcnk, a fiatal gener\u00e1ci\u00f3 is tal\u00e1lkozott, \u00f6nfeledten j\u00e1tszott, \u00fajra egy\u00fctt buliztunk holland bar\u00e1tainkkal is. Sportoltunk, karaokeztunk, diszk\u00f3ztunk. Megeml\u00e9kezt\u00fcnk az \u00e1llamalap\u00edt\u00e1sr\u00f3l is szabadt\u00e9ri mozival, t\u0171zij\u00e1t\u00e9kkal. Sz\u00f3val, szuper volt a szikis ny\u00e1r. Ezt lez\u00e1rand\u00f3 szeptember 16-17-\u00e9n lesz a Kemping z\u00e1r\u00f3h\u00e9tv\u00e9ge. Szombaton 12 \u00f3rakor f\u00f3rumot tartunk, amikor is megvitatjuk az elm\u00falt id\u0151szakot, k\u00e9rd\u00e9seket tehettek fel J\u00e1nosnak, amikre, ha tud, sz\u00edvesen v\u00e1laszol. Hogy meg\u00fcnnepelj\u00fck az egy\u00fctt t\u00f6lt\u00f6tt nyarat, szint\u00e9n szombaton este \u00f6sszt\u0171z is lesz a szokott helyen, a t\u0171zrak\u00f3n\u00e1l. Ha szeretn\u00e9tek r\u00e9szt venni az grillez\u00e9sen, akkor k\u00e9rj\u00fck, gondoskodjatok magatoknak s\u00fctnival\u00f3r\u00f3l! Gyertek, sok szeretettel v\u00e1runk Benneteket!\r\n\r\nA Sziki csapata.\r\n[\/av_textblock]","_hu_post_name":"kemping-zarohetvege","_hu_post_excerpt":"","_hu_post_title":"Kemping z\u00e1r\u00f3h\u00e9tv\u00e9ge","_en_post_content":"","_en_post_name":"","_en_post_excerpt":"","_en_post_title":"","edit_language":"hu"},"categories":[61,1],"tags":[],"_links":{"self":[{"href":"https:\/\/natours.hu\/hu\/wp-json\/wp\/v2\/posts\/7261"}],"collection":[{"href":"https:\/\/natours.hu\/hu\/wp-json\/wp\/v2\/posts"}],"about":[{"href":"https:\/\/natours.hu\/hu\/wp-json\/wp\/v2\/types\/post"}],"author":[{"embeddable":true,"href":"https:\/\/natours.hu\/hu\/wp-json\/wp\/v2\/users\/6"}],"replies":[{"embeddable":true,"href":"https:\/\/natours.hu\/hu\/wp-json\/wp\/v2\/comments?post=7261"}],"version-history":[{"count":2,"href":"https:\/\/natours.hu\/hu\/wp-json\/wp\/v2\/posts\/7261\/revisions"}],"predecessor-version":[{"id":7263,"href":"https:\/\/natours.hu\/hu\/wp-json\/wp\/v2\/posts\/7261\/revisions\/7263"}],"wp:attachment":[{"href":"https:\/\/natours.hu\/hu\/wp-json\/wp\/v2\/media?parent=7261"}],"wp:term":[{"taxonomy":"category","embeddable":true,"href":"https:\/\/natours.hu\/hu\/wp-json\/wp\/v2\/categories?post=7261"},{"taxonomy":"post_tag","embeddable":true,"href":"https:\/\/natours.hu\/hu\/wp-json\/wp\/v2\/tags?post=7261"}],"curies":[{"name":"wp","href":"https:\/\/api.w.org\/{rel}","templated":true}]}}