{"id":7606,"date":"2024-04-30T17:35:25","date_gmt":"2024-04-30T17:35:25","guid":{"rendered":"https:\/\/natours.hu\/hu\/?p=7606"},"modified":"2024-06-20T12:54:37","modified_gmt":"2024-06-20T12:54:37","slug":"holnap-nyitunk","status":"publish","type":"post","link":"https:\/\/natours.hu\/hu\/holnap-nyitunk\/","title":{"rendered":"Holnap nyitunk!"},"content":{"rendered":"<div class=\"gmail_default\"><b>Sziasztok!<\/b><\/div>\n<div class=\"gmail_default\"><\/div>\n<div class=\"gmail_default\">A l\u00e9nyege a mostani h\u00edrnek\u00a0tulajdonk\u00e9ppen a fenti k\u00e9t sz\u00f3, tekintve, hogy Dia m\u00e9g most sz\u00e1r\u00edtgatja\u00a0a tint\u00e1t a mai napon(!!) al\u00e1\u00edrt, ezt lehet\u0151v\u00e9 tev\u0151 szerz\u0151d\u00e9sen. Szerencs\u00e9re el\u0151re dolgoztunk, \u00fagyhogy holnap teljes v\u00e9rtezetben (recepci\u00f3, b\u00fcf\u00e9, konyha, sz\u00e1ll\u00e1sok, stb.) kezdi meg a Sziki a m\u0171k\u00f6d\u00e9s\u00e9t. A naps\u00fct\u00e9sben is mindig b\u00edzhatunk itt Szegeden. \ud83d\ude42<\/div>\n<div class=\"gmail_default\"><\/div>\n<div class=\"gmail_default\">Szombaton d\u00e9lben megtartjuk a NEM szok\u00e1sos f\u00f3rumunkat, amelyet szeretn\u00e9nk a Facebookon \u00e9l\u0151zni is, de ez persze senkit ne tartson vissza a szem\u00e9lyes r\u00e9szv\u00e9telt\u0151l.<\/div>\n<div class=\"gmail_default\"><\/div>\n<div class=\"gmail_default\">Szombaton este bulizunk!<\/div>\n<div class=\"gmail_default\"><\/div>\n<div class=\"gmail_default\"><b>A Sziki (l\u00f3g\u00f3 nyelv\u0171, f\u00e1radt, de vid\u00e1m \ud83d\ude00 ) csapata<\/b><\/div>\n","protected":false},"excerpt":{"rendered":"<p>Sziasztok! A l\u00e9nyege a mostani h\u00edrnek\u00a0tulajdonk\u00e9ppen a fenti k\u00e9t sz\u00f3, tekintve, hogy Dia m\u00e9g most sz\u00e1r\u00edtgatja\u00a0a tint\u00e1t a mai napon(!!) al\u00e1\u00edrt, ezt lehet\u0151v\u00e9 tev\u0151 szerz\u0151d\u00e9sen. Szerencs\u00e9re el\u0151re dolgoztunk, \u00fagyhogy holnap teljes v\u00e9rtezetben (recepci\u00f3, b\u00fcf\u00e9, konyha, sz\u00e1ll\u00e1sok, stb.) kezdi meg a Sziki a m\u0171k\u00f6d\u00e9s\u00e9t. A naps\u00fct\u00e9sben is mindig b\u00edzhatunk itt Szegeden. \ud83d\ude42 Szombaton d\u00e9lben megtartjuk a [&hellip;]<\/p>\n","protected":false},"author":4,"featured_media":0,"comment_status":"closed","ping_status":"open","sticky":false,"template":"","format":"standard","meta":{"_hu_post_content":"<div class=\"gmail_default\"><b>Sziasztok!<\/b><\/div>\r\n<div class=\"gmail_default\"><\/div>\r\n<div class=\"gmail_default\">A l\u00e9nyege a mostani h\u00edrnek\u00a0tulajdonk\u00e9ppen a fenti k\u00e9t sz\u00f3, tekintve, hogy Dia m\u00e9g most sz\u00e1r\u00edtgatja\u00a0a tint\u00e1t a mai napon(!!) al\u00e1\u00edrt, ezt lehet\u0151v\u00e9 tev\u0151 szerz\u0151d\u00e9sen. Szerencs\u00e9re el\u0151re dolgoztunk, \u00fagyhogy holnap teljes v\u00e9rtezetben (recepci\u00f3, b\u00fcf\u00e9, konyha, sz\u00e1ll\u00e1sok, stb.) kezdi meg a Sziki a m\u0171k\u00f6d\u00e9s\u00e9t. A naps\u00fct\u00e9sben is mindig b\u00edzhatunk itt Szegeden. :)<\/div>\r\n<div class=\"gmail_default\"><\/div>\r\n<div class=\"gmail_default\">Szombaton d\u00e9lben megtartjuk a NEM szok\u00e1sos f\u00f3rumunkat, amelyet szeretn\u00e9nk a Facebookon \u00e9l\u0151zni is, de ez persze senkit ne tartson vissza a szem\u00e9lyes r\u00e9szv\u00e9telt\u0151l.<\/div>\r\n<div class=\"gmail_default\"><\/div>\r\n<div class=\"gmail_default\">Szombaton este bulizunk!<\/div>\r\n<div class=\"gmail_default\"><\/div>\r\n<div class=\"gmail_default\"><b>A Sziki (l\u00f3g\u00f3 nyelv\u0171, f\u00e1radt, de vid\u00e1m :D ) csapata<\/b><\/div>","_hu_post_name":"holnap-nyitunk","_hu_post_excerpt":"","_hu_post_title":"Holnap nyitunk!","_en_post_content":"","_en_post_name":"","_en_post_excerpt":"","_en_post_title":"","edit_language":"hu"},"categories":[68,1],"tags":[],"_links":{"self":[{"href":"https:\/\/natours.hu\/hu\/wp-json\/wp\/v2\/posts\/7606"}],"collection":[{"href":"https:\/\/natours.hu\/hu\/wp-json\/wp\/v2\/posts"}],"about":[{"href":"https:\/\/natours.hu\/hu\/wp-json\/wp\/v2\/types\/post"}],"author":[{"embeddable":true,"href":"https:\/\/natours.hu\/hu\/wp-json\/wp\/v2\/users\/4"}],"replies":[{"embeddable":true,"href":"https:\/\/natours.hu\/hu\/wp-json\/wp\/v2\/comments?post=7606"}],"version-history":[{"count":2,"href":"https:\/\/natours.hu\/hu\/wp-json\/wp\/v2\/posts\/7606\/revisions"}],"predecessor-version":[{"id":7752,"href":"https:\/\/natours.hu\/hu\/wp-json\/wp\/v2\/posts\/7606\/revisions\/7752"}],"wp:attachment":[{"href":"https:\/\/natours.hu\/hu\/wp-json\/wp\/v2\/media?parent=7606"}],"wp:term":[{"taxonomy":"category","embeddable":true,"href":"https:\/\/natours.hu\/hu\/wp-json\/wp\/v2\/categories?post=7606"},{"taxonomy":"post_tag","embeddable":true,"href":"https:\/\/natours.hu\/hu\/wp-json\/wp\/v2\/tags?post=7606"}],"curies":[{"name":"wp","href":"https:\/\/api.w.org\/{rel}","templated":true}]}}