{"id":7633,"date":"2024-05-12T20:18:13","date_gmt":"2024-05-12T20:18:13","guid":{"rendered":"https:\/\/natours.hu\/hu\/?p=7633"},"modified":"2024-06-20T12:53:57","modified_gmt":"2024-06-20T12:53:57","slug":"regen-minden-jobb-volt","status":"publish","type":"post","link":"https:\/\/natours.hu\/hu\/regen-minden-jobb-volt\/","title":{"rendered":"&#8220;R\u00e9gen minden jobb volt!&#8221;"},"content":{"rendered":"<section class=\"av_textblock_section\"  itemscope=\"itemscope\" itemtype=\"https:\/\/schema.org\/BlogPosting\" itemprop=\"blogPost\" ><div class='avia_textblock '   itemprop=\"text\" ><p>M\u00e1jus 18. szombati, eg\u00e9sz d\u00e9lut\u00e1nos, est\u00e9be ny\u00fal\u00f3 rendezv\u00e9ny\u00fcnket fogadj\u00e1tok sok-sok szeretettel: &#8220;R\u00e9gen minden jobb volt!&#8221;<\/p>\n<p>Amikor egy korszak v\u00e9get \u00e9r, mindig kezd\u0151dik egy \u00faj! Ezzel a mott\u00f3val szeretn\u00e9nk az idei esem\u00e9nysorozatunkat ind\u00edtani, &#8211; egy eg\u00e9sz d\u00e9lut\u00e1nos, est\u00e9be ny\u00fal\u00f3 rendezv\u00e9nnyel!<\/p>\n<p>Gyere nosztalgi\u00e1zz vel\u00fcnk, hozd magaddal a legjobb sztorikat, a r\u00e9gi f\u00e9nyk\u00e9peidet a kezdetekr\u0151l \u00e9s legf\u0151k\u00e9ppen magadat. 15 \u00f3rai kezdettel v\u00e1runk mindenkit a b\u00fcf\u00e9n\u00e9l, &#8211; \u00e9l\u00fcnk-halunk a j\u00f3 sztorik\u00e9rt, mes\u00e9l\u0151k\u00e9nt \u00e9s hallgat\u00f3s\u00e1gk\u00e9nt is.<\/p>\n<p>17 \u00f3r\u00e1t\u00f3l, ha m\u00e1r mindenki bemelegedett, tov\u00e1bb f\u0171tj\u00fck a hangulatot, a Szentesi naturista szaunamesterek csapata (Kov\u00e1cs Kriszti\u00e1n\/Simon Imre\/Bencsik Rita\/Szentp\u00e9teri Anett) folytatj\u00e1k legend\u00e1s fel\u00f6nt\u00e9seiket, illetve hangt\u00e1l programlehet\u0151s\u00e9g (M\u00e1csai Imre) is a rendelkez\u00e9setekre \u00e1ll mostm\u00e1ron a Szikin! A garant\u00e1lt 4 darab szaunaprogramot mind\u00f6ssze 800,- Ft\/f\u0151 ellen\u00e9ben \u00e9lvezhetitek!<\/p>\n<p>20 \u00f3r\u00e1t\u00f3l, (mert ki szeretne ezekut\u00e1n hazamenni??) a retr\u00f3 jegy\u00e9ben folytat\u00f3dik az este kifullad\u00e1sig: Retro DJ party ABBA-t\u00f3l ZZ Top-ig.<\/p>\n<p>Gyertek, mert csak egy\u00fctt tudunk egy akkora bulit csapni, hogy 20 \u00e9v m\u00falva ism\u00e9t elmondhassuk: &#8220;R\u00e9gen minden jobb volt!&#8221;<\/p>\n<\/div><\/section>\n<div class=\"flex_column av_one_full  flex_column_div av-zero-column-padding first  \" style='border-radius:0px; '><\/div>\n<div class='avia-image-container  av-styling-   avia-align-center '  itemscope=\"itemscope\" itemtype=\"https:\/\/schema.org\/ImageObject\"  ><div class='avia-image-container-inner'><img class='avia_image ' src='https:\/\/natours.hu\/wp-content\/uploads\/2024\/05\/regen-minden-jobb-volt-kep-300x203.jpg' alt='' title='r\u00e9gen minden jobb volt k\u00e9p'   itemprop=\"thumbnailUrl\"  \/><\/div><\/div>\n","protected":false},"excerpt":{"rendered":"","protected":false},"author":4,"featured_media":0,"comment_status":"closed","ping_status":"open","sticky":false,"template":"","format":"standard","meta":{"_hu_post_content":"[av_textblock size='' font_color='' color='' admin_preview_bg='']\r\nM\u00e1jus 18. szombati, eg\u00e9sz d\u00e9lut\u00e1nos, est\u00e9be ny\u00fal\u00f3 rendezv\u00e9ny\u00fcnket fogadj\u00e1tok sok-sok szeretettel: \"R\u00e9gen minden jobb volt!\"\r\n\r\nAmikor egy korszak v\u00e9get \u00e9r, mindig kezd\u0151dik egy \u00faj! Ezzel a mott\u00f3val szeretn\u00e9nk az idei esem\u00e9nysorozatunkat ind\u00edtani, - egy eg\u00e9sz d\u00e9lut\u00e1nos, est\u00e9be ny\u00fal\u00f3 rendezv\u00e9nnyel!\r\n\r\nGyere nosztalgi\u00e1zz vel\u00fcnk, hozd magaddal a legjobb sztorikat, a r\u00e9gi f\u00e9nyk\u00e9peidet a kezdetekr\u0151l \u00e9s legf\u0151k\u00e9ppen magadat. 15 \u00f3rai kezdettel v\u00e1runk mindenkit a b\u00fcf\u00e9n\u00e9l, - \u00e9l\u00fcnk-halunk a j\u00f3 sztorik\u00e9rt, mes\u00e9l\u0151k\u00e9nt \u00e9s hallgat\u00f3s\u00e1gk\u00e9nt is.\r\n\r\n17 \u00f3r\u00e1t\u00f3l, ha m\u00e1r mindenki bemelegedett, tov\u00e1bb f\u0171tj\u00fck a hangulatot, a Szentesi naturista szaunamesterek csapata (Kov\u00e1cs Kriszti\u00e1n\/Simon Imre\/Bencsik Rita\/Szentp\u00e9teri Anett) folytatj\u00e1k legend\u00e1s fel\u00f6nt\u00e9seiket, illetve hangt\u00e1l programlehet\u0151s\u00e9g (M\u00e1csai Imre) is a rendelkez\u00e9setekre \u00e1ll mostm\u00e1ron a Szikin! A garant\u00e1lt 4 darab szaunaprogramot mind\u00f6ssze 800,- Ft\/f\u0151 ellen\u00e9ben \u00e9lvezhetitek!\r\n\r\n20 \u00f3r\u00e1t\u00f3l, (mert ki szeretne ezekut\u00e1n hazamenni??) a retr\u00f3 jegy\u00e9ben folytat\u00f3dik az este kifullad\u00e1sig: Retro DJ party ABBA-t\u00f3l ZZ Top-ig.\r\n\r\nGyertek, mert csak egy\u00fctt tudunk egy akkora bulit csapni, hogy 20 \u00e9v m\u00falva ism\u00e9t elmondhassuk: \"R\u00e9gen minden jobb volt!\"\r\n[\/av_textblock]\r\n\r\n[av_one_full first min_height='' vertical_alignment='' space='' custom_margin='' margin='0px' padding='0px' border='' border_color='' radius='0px' background_color='' src='' background_position='top left' background_repeat='no-repeat' animation='' mobile_display=''][\/av_one_full]\r\n\r\n[av_image src='https:\/\/natours.hu\/wp-content\/uploads\/2024\/05\/regen-minden-jobb-volt-kep-300x203.jpg' attachment='7634' attachment_size='medium' align='center' styling='' hover='' link='' target='' caption='' font_size='' appearance='' overlay_opacity='0.4' overlay_color='#000000' overlay_text_color='#ffffff' animation='no-animation' admin_preview_bg=''][\/av_image]","_hu_post_name":"regen-minden-jobb-volt","_hu_post_excerpt":"","_hu_post_title":"\"R\u00e9gen minden jobb volt!\"","_en_post_content":"","_en_post_name":"","_en_post_excerpt":"","_en_post_title":"","edit_language":"hu"},"categories":[68,1],"tags":[],"_links":{"self":[{"href":"https:\/\/natours.hu\/hu\/wp-json\/wp\/v2\/posts\/7633"}],"collection":[{"href":"https:\/\/natours.hu\/hu\/wp-json\/wp\/v2\/posts"}],"about":[{"href":"https:\/\/natours.hu\/hu\/wp-json\/wp\/v2\/types\/post"}],"author":[{"embeddable":true,"href":"https:\/\/natours.hu\/hu\/wp-json\/wp\/v2\/users\/4"}],"replies":[{"embeddable":true,"href":"https:\/\/natours.hu\/hu\/wp-json\/wp\/v2\/comments?post=7633"}],"version-history":[{"count":4,"href":"https:\/\/natours.hu\/hu\/wp-json\/wp\/v2\/posts\/7633\/revisions"}],"predecessor-version":[{"id":7748,"href":"https:\/\/natours.hu\/hu\/wp-json\/wp\/v2\/posts\/7633\/revisions\/7748"}],"wp:attachment":[{"href":"https:\/\/natours.hu\/hu\/wp-json\/wp\/v2\/media?parent=7633"}],"wp:term":[{"taxonomy":"category","embeddable":true,"href":"https:\/\/natours.hu\/hu\/wp-json\/wp\/v2\/categories?post=7633"},{"taxonomy":"post_tag","embeddable":true,"href":"https:\/\/natours.hu\/hu\/wp-json\/wp\/v2\/tags?post=7633"}],"curies":[{"name":"wp","href":"https:\/\/api.w.org\/{rel}","templated":true}]}}