{"id":7661,"date":"2024-05-20T16:32:56","date_gmt":"2024-05-20T16:32:56","guid":{"rendered":"https:\/\/natours.hu\/hu\/?p=7661"},"modified":"2024-06-20T12:53:20","modified_gmt":"2024-06-20T12:53:20","slug":"gyermeknap-2024","status":"publish","type":"post","link":"https:\/\/natours.hu\/hu\/gyermeknap-2024\/","title":{"rendered":"Gyermeknap 2024"},"content":{"rendered":"<section class=\"av_textblock_section\"  itemscope=\"itemscope\" itemtype=\"https:\/\/schema.org\/BlogPosting\" itemprop=\"blogPost\" ><div class='avia_textblock '   itemprop=\"text\" ><p><strong>M\u00f3ka, j\u00e1t\u00e9k, kacag\u00e1s! Eg\u00e9sz napos esem\u00e9nysorozat gyereknap alkalm\u00e1val, de minden koroszt\u00e1lynak!<\/strong><\/p>\n<p>Gyertek, \u00fcnnepelj\u00fck egy\u00fctt a Szikin a gyermeki \u00f6r\u00f6m\u00f6t, a j\u00e1t\u00e9kot \u00e9s persze a legkisebbeket, a j\u00f6v\u0151 gener\u00e1ci\u00f3j\u00e1t, a felcsepered\u0151 naturist\u00e1kat.<\/p>\n<p>M\u00e1jus 25. szombati, eg\u00e9sz napos, d\u00e9lel\u0151tt a gyereknap alkalm\u00e1val a legfiatalabbakra szabott, este pedig a feln\u0151tt koroszt\u00e1ly sz\u00e1m\u00e1ra \u00f6ssze\u00e1ll\u00edtott rendezv\u00e9ny\u00fcnket fogadj\u00e1tok sok-sok szeretettel: &#8220;Legyen m\u00f3ka, j\u00e1t\u00e9k, kacag\u00e1s!&#8221;<\/p>\n<p>Hagyom\u00e1nyosan n\u00e1lunk m\u00e1jus utols\u00f3 szombatj\u00e1n tartjuk a gyereknapot. \u00cdgy tesz\u00fcnk id\u00e9n is \u00e9s most sem lesz\u00fcnk a kicsiket sz\u00f3rakoztat\u00f3 versenysz\u00e1moknak, vet\u00e9lked\u0151knek sz\u0171k\u00e9ben.<\/p>\n<p>Reggelt\u0151l indul a biciklis lass\u00fas\u00e1gi, \u00f3ri\u00e1s twister, bowling, hula-hopp, \u00fcd\u00edt\u0151iv\u00f3 \u00e9s ugr\u00f3k\u00f6telez\u00e9s, illetve darts-szal val\u00f3 lufieltal\u00e1l\u00f3-verseny. Lufi-v\u00edzibomba, sz\u00e9kfoglal\u00f3, maszk k\u00e9sz\u00edt\u00e9s \u00e9s s\u00f3-liszt gyurm\u00e1z\u00e1s fogja d\u00e9lel\u0151tt, k\u00e9s\u0151 d\u00e9lut\u00e1nig sz\u00ednes\u00edteni a gyerekeknek tervezett programokat.<\/p>\n<p>A j\u00e9gk\u00f6p\u00e9sbe, ha j\u00f3l viselkednek, m\u00e9g t\u00falkoros gyerekek (\u201cfeln\u0151ttek\u201d) is besz\u00e1llhatnak. Anim\u00e1toraink, t\u00f6bbek k\u00f6z\u00f6tt a legkisebbek t\u00fcnd\u00e9re, K\u00f3cz\u00e1n Kata fogja az anim\u00e1tor szerep\u00e9t bet\u00f6lteni \u00e9s a j\u00f3 hangulatr\u00f3l, p\u00f6rg\u00e9sr\u0151l gondoskodni.<\/p>\n<p>17 \u00f3r\u00e1t\u00f3l, ha m\u00e1r mindenki bemelegedett, tov\u00e1bb f\u0171tj\u00fck a hangulatot, a Szentes-i naturista szaunamesterek csapata (<a href=\"https:\/\/www.facebook.com\/groups\/202615156436401\/user\/100016577658639\/?__cft__%5b0%5d=AZV3OYWlbtkJj6i8jd0pyIByzsvbiaaRONNIl4yiaKQf7JPNAn_bgWBNhcs1Wk0vAcDbyV3sRt3mwBOsSyoNIaWbelVJKWbOIPOe6p6qSaGKMSMKpnDwrjus2Qq_StzJojZe1joboxrRReTqMmHEmPn6zhoozCv4dMxTT-zLOvrGMA&amp;__tn__=-%5dK-R\">Kov\u00e1cs Kriszti\u00e1n<\/a>\/<a href=\"https:\/\/www.facebook.com\/groups\/202615156436401\/user\/1414334529\/?__cft__%5b0%5d=AZV3OYWlbtkJj6i8jd0pyIByzsvbiaaRONNIl4yiaKQf7JPNAn_bgWBNhcs1Wk0vAcDbyV3sRt3mwBOsSyoNIaWbelVJKWbOIPOe6p6qSaGKMSMKpnDwrjus2Qq_StzJojZe1joboxrRReTqMmHEmPn6zhoozCv4dMxTT-zLOvrGMA&amp;__tn__=-%5dK-R\">Simon Imre M\u00e1rton<\/a>\/<a href=\"https:\/\/www.facebook.com\/groups\/202615156436401\/user\/100002933460170\/?__cft__%5b0%5d=AZV3OYWlbtkJj6i8jd0pyIByzsvbiaaRONNIl4yiaKQf7JPNAn_bgWBNhcs1Wk0vAcDbyV3sRt3mwBOsSyoNIaWbelVJKWbOIPOe6p6qSaGKMSMKpnDwrjus2Qq_StzJojZe1joboxrRReTqMmHEmPn6zhoozCv4dMxTT-zLOvrGMA&amp;__tn__=-%5dK-R\">Rita Bencsik<\/a>\/\u00a0<a href=\"https:\/\/www.facebook.com\/groups\/202615156436401\/user\/1492248198\/?__cft__%5b0%5d=AZV3OYWlbtkJj6i8jd0pyIByzsvbiaaRONNIl4yiaKQf7JPNAn_bgWBNhcs1Wk0vAcDbyV3sRt3mwBOsSyoNIaWbelVJKWbOIPOe6p6qSaGKMSMKpnDwrjus2Qq_StzJojZe1joboxrRReTqMmHEmPn6zhoozCv4dMxTT-zLOvrGMA&amp;__tn__=-%5dK-R\">Hlbocs\u00e1nyin\u00e9 Szentp\u00e9teri Anett<\/a>) folytatj\u00e1k legend\u00e1s fel\u00f6nt\u00e9seiket, illetve hangt\u00e1l programlehet\u0151s\u00e9g (<a href=\"https:\/\/www.facebook.com\/groups\/202615156436401\/user\/100000127774932\/?__cft__%5b0%5d=AZV3OYWlbtkJj6i8jd0pyIByzsvbiaaRONNIl4yiaKQf7JPNAn_bgWBNhcs1Wk0vAcDbyV3sRt3mwBOsSyoNIaWbelVJKWbOIPOe6p6qSaGKMSMKpnDwrjus2Qq_StzJojZe1joboxrRReTqMmHEmPn6zhoozCv4dMxTT-zLOvrGMA&amp;__tn__=-%5dK-R\">Imre M\u00e1csai<\/a>) is a rendelkez\u00e9setekre \u00e1ll mostm\u00e1ron a Szikin! A garant\u00e1lt 4 darab szaunaprogramot mind\u00f6ssze 800,- Ft\/f\u0151 ellen\u00e9ben \u00e9lvezhetitek!<\/p>\n<p>20 \u00f3r\u00e1t\u00f3l, (rem\u00e9lj\u00fck, most m\u00e1r a feln\u0151ttek is kedv\u00fckre p\u00f6r\u00f6ghetnek \ud83d\ude00 ) t\u00e1ncra perd\u00fclhet apraja-nagyja, &#8211; a zen\u00e9t szolg\u00e1ltatjuk hozz\u00e1!<\/p>\n<p>Gyertek mindannyian, \u00fcnnepelj\u00fck a legkisebbeket egy\u00fctt, eg\u00e9sz nap!<\/p>\n<p><strong>S\u00fcss\u00f6n r\u00e1tok, (kicsikre \u00e9s nagyokra egyar\u00e1nt) a nap!<\/strong><\/p>\n<p><strong>A Sziki Naturista Egyes\u00fclet, a Szentes-i szaunamesterek \u00e9s a Sziki csapat\u00e1nak k\u00f6z\u00f6s rendezv\u00e9nye<\/strong><\/p>\n<\/div><\/section>\n<div class='avia-image-container  av-styling-   avia-align-center '  itemscope=\"itemscope\" itemtype=\"https:\/\/schema.org\/ImageObject\"  ><div class='avia-image-container-inner'><img class='avia_image ' src='https:\/\/natours.hu\/wp-content\/uploads\/2024\/05\/SZIKI-gyereknap-2019_033-300x169.jpg' alt='' title='SZIKI-gyereknap-2019_033'   itemprop=\"thumbnailUrl\"  \/><\/div><\/div>\n","protected":false},"excerpt":{"rendered":"","protected":false},"author":4,"featured_media":0,"comment_status":"closed","ping_status":"open","sticky":false,"template":"","format":"standard","meta":{"_hu_post_content":"[av_textblock size='' font_color='' color='' admin_preview_bg='']\r\n<strong>M\u00f3ka, j\u00e1t\u00e9k, kacag\u00e1s! Eg\u00e9sz napos esem\u00e9nysorozat gyereknap alkalm\u00e1val, de minden koroszt\u00e1lynak!<\/strong>\r\n\r\nGyertek, \u00fcnnepelj\u00fck egy\u00fctt a Szikin a gyermeki \u00f6r\u00f6m\u00f6t, a j\u00e1t\u00e9kot \u00e9s persze a legkisebbeket, a j\u00f6v\u0151 gener\u00e1ci\u00f3j\u00e1t, a felcsepered\u0151 naturist\u00e1kat.\r\n\r\nM\u00e1jus 25. szombati, eg\u00e9sz napos, d\u00e9lel\u0151tt a gyereknap alkalm\u00e1val a legfiatalabbakra szabott, este pedig a feln\u0151tt koroszt\u00e1ly sz\u00e1m\u00e1ra \u00f6ssze\u00e1ll\u00edtott rendezv\u00e9ny\u00fcnket fogadj\u00e1tok sok-sok szeretettel: \"Legyen m\u00f3ka, j\u00e1t\u00e9k, kacag\u00e1s!\"\r\n\r\nHagyom\u00e1nyosan n\u00e1lunk m\u00e1jus utols\u00f3 szombatj\u00e1n tartjuk a gyereknapot. \u00cdgy tesz\u00fcnk id\u00e9n is \u00e9s most sem lesz\u00fcnk a kicsiket sz\u00f3rakoztat\u00f3 versenysz\u00e1moknak, vet\u00e9lked\u0151knek sz\u0171k\u00e9ben.\r\n\r\nReggelt\u0151l indul a biciklis lass\u00fas\u00e1gi, \u00f3ri\u00e1s twister, bowling, hula-hopp, \u00fcd\u00edt\u0151iv\u00f3 \u00e9s ugr\u00f3k\u00f6telez\u00e9s, illetve darts-szal val\u00f3 lufieltal\u00e1l\u00f3-verseny. Lufi-v\u00edzibomba, sz\u00e9kfoglal\u00f3, maszk k\u00e9sz\u00edt\u00e9s \u00e9s s\u00f3-liszt gyurm\u00e1z\u00e1s fogja d\u00e9lel\u0151tt, k\u00e9s\u0151 d\u00e9lut\u00e1nig sz\u00ednes\u00edteni a gyerekeknek tervezett programokat.\r\n\r\nA j\u00e9gk\u00f6p\u00e9sbe, ha j\u00f3l viselkednek, m\u00e9g t\u00falkoros gyerekek (\u201cfeln\u0151ttek\u201d) is besz\u00e1llhatnak. Anim\u00e1toraink, t\u00f6bbek k\u00f6z\u00f6tt a legkisebbek t\u00fcnd\u00e9re, K\u00f3cz\u00e1n Kata fogja az anim\u00e1tor szerep\u00e9t bet\u00f6lteni \u00e9s a j\u00f3 hangulatr\u00f3l, p\u00f6rg\u00e9sr\u0151l gondoskodni.\r\n\r\n17 \u00f3r\u00e1t\u00f3l, ha m\u00e1r mindenki bemelegedett, tov\u00e1bb f\u0171tj\u00fck a hangulatot, a Szentes-i naturista szaunamesterek csapata (<a href=\"https:\/\/www.facebook.com\/groups\/202615156436401\/user\/100016577658639\/?__cft__%5b0%5d=AZV3OYWlbtkJj6i8jd0pyIByzsvbiaaRONNIl4yiaKQf7JPNAn_bgWBNhcs1Wk0vAcDbyV3sRt3mwBOsSyoNIaWbelVJKWbOIPOe6p6qSaGKMSMKpnDwrjus2Qq_StzJojZe1joboxrRReTqMmHEmPn6zhoozCv4dMxTT-zLOvrGMA&amp;__tn__=-%5dK-R\">Kov\u00e1cs Kriszti\u00e1n<\/a>\/<a href=\"https:\/\/www.facebook.com\/groups\/202615156436401\/user\/1414334529\/?__cft__%5b0%5d=AZV3OYWlbtkJj6i8jd0pyIByzsvbiaaRONNIl4yiaKQf7JPNAn_bgWBNhcs1Wk0vAcDbyV3sRt3mwBOsSyoNIaWbelVJKWbOIPOe6p6qSaGKMSMKpnDwrjus2Qq_StzJojZe1joboxrRReTqMmHEmPn6zhoozCv4dMxTT-zLOvrGMA&amp;__tn__=-%5dK-R\">Simon Imre M\u00e1rton<\/a>\/<a href=\"https:\/\/www.facebook.com\/groups\/202615156436401\/user\/100002933460170\/?__cft__%5b0%5d=AZV3OYWlbtkJj6i8jd0pyIByzsvbiaaRONNIl4yiaKQf7JPNAn_bgWBNhcs1Wk0vAcDbyV3sRt3mwBOsSyoNIaWbelVJKWbOIPOe6p6qSaGKMSMKpnDwrjus2Qq_StzJojZe1joboxrRReTqMmHEmPn6zhoozCv4dMxTT-zLOvrGMA&amp;__tn__=-%5dK-R\">Rita Bencsik<\/a>\/\u00a0<a href=\"https:\/\/www.facebook.com\/groups\/202615156436401\/user\/1492248198\/?__cft__%5b0%5d=AZV3OYWlbtkJj6i8jd0pyIByzsvbiaaRONNIl4yiaKQf7JPNAn_bgWBNhcs1Wk0vAcDbyV3sRt3mwBOsSyoNIaWbelVJKWbOIPOe6p6qSaGKMSMKpnDwrjus2Qq_StzJojZe1joboxrRReTqMmHEmPn6zhoozCv4dMxTT-zLOvrGMA&amp;__tn__=-%5dK-R\">Hlbocs\u00e1nyin\u00e9 Szentp\u00e9teri Anett<\/a>) folytatj\u00e1k legend\u00e1s fel\u00f6nt\u00e9seiket, illetve hangt\u00e1l programlehet\u0151s\u00e9g (<a href=\"https:\/\/www.facebook.com\/groups\/202615156436401\/user\/100000127774932\/?__cft__%5b0%5d=AZV3OYWlbtkJj6i8jd0pyIByzsvbiaaRONNIl4yiaKQf7JPNAn_bgWBNhcs1Wk0vAcDbyV3sRt3mwBOsSyoNIaWbelVJKWbOIPOe6p6qSaGKMSMKpnDwrjus2Qq_StzJojZe1joboxrRReTqMmHEmPn6zhoozCv4dMxTT-zLOvrGMA&amp;__tn__=-%5dK-R\">Imre M\u00e1csai<\/a>) is a rendelkez\u00e9setekre \u00e1ll mostm\u00e1ron a Szikin! A garant\u00e1lt 4 darab szaunaprogramot mind\u00f6ssze 800,- Ft\/f\u0151 ellen\u00e9ben \u00e9lvezhetitek!\r\n\r\n20 \u00f3r\u00e1t\u00f3l, (rem\u00e9lj\u00fck, most m\u00e1r a feln\u0151ttek is kedv\u00fckre p\u00f6r\u00f6ghetnek :D ) t\u00e1ncra perd\u00fclhet apraja-nagyja, - a zen\u00e9t szolg\u00e1ltatjuk hozz\u00e1!\r\n\r\nGyertek mindannyian, \u00fcnnepelj\u00fck a legkisebbeket egy\u00fctt, eg\u00e9sz nap!\r\n\r\n<strong>S\u00fcss\u00f6n r\u00e1tok, (kicsikre \u00e9s nagyokra egyar\u00e1nt) a nap!<\/strong>\r\n\r\n<strong>A Sziki Naturista Egyes\u00fclet, a Szentes-i szaunamesterek \u00e9s a Sziki csapat\u00e1nak k\u00f6z\u00f6s rendezv\u00e9nye<\/strong>\r\n[\/av_textblock]\r\n\r\n[av_image src='https:\/\/natours.hu\/wp-content\/uploads\/2024\/05\/SZIKI-gyereknap-2019_033-300x169.jpg' attachment='7662' attachment_size='medium' align='center' styling='' hover='' link='' target='' caption='' font_size='' appearance='' overlay_opacity='0.4' overlay_color='#000000' overlay_text_color='#ffffff' animation='no-animation' admin_preview_bg=''][\/av_image]","_hu_post_name":"gyermeknap-2024","_hu_post_excerpt":"","_hu_post_title":"Gyermeknap 2024","_en_post_content":"","_en_post_name":"","_en_post_excerpt":"","_en_post_title":"","edit_language":"hu"},"categories":[68,1],"tags":[],"_links":{"self":[{"href":"https:\/\/natours.hu\/hu\/wp-json\/wp\/v2\/posts\/7661"}],"collection":[{"href":"https:\/\/natours.hu\/hu\/wp-json\/wp\/v2\/posts"}],"about":[{"href":"https:\/\/natours.hu\/hu\/wp-json\/wp\/v2\/types\/post"}],"author":[{"embeddable":true,"href":"https:\/\/natours.hu\/hu\/wp-json\/wp\/v2\/users\/4"}],"replies":[{"embeddable":true,"href":"https:\/\/natours.hu\/hu\/wp-json\/wp\/v2\/comments?post=7661"}],"version-history":[{"count":2,"href":"https:\/\/natours.hu\/hu\/wp-json\/wp\/v2\/posts\/7661\/revisions"}],"predecessor-version":[{"id":7745,"href":"https:\/\/natours.hu\/hu\/wp-json\/wp\/v2\/posts\/7661\/revisions\/7745"}],"wp:attachment":[{"href":"https:\/\/natours.hu\/hu\/wp-json\/wp\/v2\/media?parent=7661"}],"wp:term":[{"taxonomy":"category","embeddable":true,"href":"https:\/\/natours.hu\/hu\/wp-json\/wp\/v2\/categories?post=7661"},{"taxonomy":"post_tag","embeddable":true,"href":"https:\/\/natours.hu\/hu\/wp-json\/wp\/v2\/tags?post=7661"}],"curies":[{"name":"wp","href":"https:\/\/api.w.org\/{rel}","templated":true}]}}