{"id":8050,"date":"2024-08-05T16:28:29","date_gmt":"2024-08-05T16:28:29","guid":{"rendered":"https:\/\/natours.hu\/hu\/?p=8050"},"modified":"2025-01-30T16:33:07","modified_gmt":"2025-01-30T16:33:07","slug":"2024-augusztus-10-fektelen-vizibicikli-verseny-a-szikin","status":"publish","type":"post","link":"https:\/\/natours.hu\/hu\/2024-augusztus-10-fektelen-vizibicikli-verseny-a-szikin\/","title":{"rendered":"2024. augusztus 10. &#8211; F\u00e9ktelen v\u00edzibicikli-verseny a Szikin"},"content":{"rendered":"<section class=\"av_textblock_section\"  itemscope=\"itemscope\" itemtype=\"https:\/\/schema.org\/BlogPosting\" itemprop=\"blogPost\" ><div class='avia_textblock '   itemprop=\"text\" ><p>Sziasztok!<br \/>\nA vizibicikliverseny k\u00eds\u00e9r\u0151 programjaik\u00e9nt, szombaton, augusztus 10-\u00e9n is v\u00e1r @mindenkit 17:00-t\u00f3l Imre M\u00e1csai relax\u00e1ci\u00f3s hangf\u00fcrd\u0151re, 18:00-t\u00f3l pedig szaunasze\u00e1nszok kezd\u0151dnek Kurtos L\u00e1szl\u00f3 Kurtos \u00e9s Imre M\u00e1rton Simon szaunamesterek vezet\u00e9s\u00e9vel. A v\u00edzibicikliversenyt 15:00 \u00f3rakor ind\u00edtjuk, a szaunaprogramokra jelentkezzetek a recepci\u00f3n!<\/p>\n<p><a href=\"https:\/\/www.facebook.com\/events\/368287589649639\/?acontext=%7B%22event_action_history%22%3A[%7B%22surface%22%3A%22group%22%7D%2C%7B%22mechanism%22%3A%22attachment%22%2C%22surface%22%3A%22newsfeed%22%7D]%2C%22ref_notif_type%22%3Anull%7D\">https:\/\/www.facebook.com\/events\/368287589649639\/?acontext=%7B%22event_action_history%22%3A[%7B%22surface%22%3A%22group%22%7D%2C%7B%22mechanism%22%3A%22attachment%22%2C%22surface%22%3A%22newsfeed%22%7D]%2C%22ref_notif_type%22%3Anull%7D<\/a><\/p>\n<\/div><\/section>\n<div class='avia-image-container  av-styling-   avia-align-center '  itemscope=\"itemscope\" itemtype=\"https:\/\/schema.org\/ImageObject\"  ><div class='avia-image-container-inner'><img class='avia_image ' src='https:\/\/natours.hu\/wp-content\/uploads\/2025\/01\/454529963_26269709159343038_4923311354686615802_n-300x225.jpg' alt='' title='454529963_26269709159343038_4923311354686615802_n'   itemprop=\"thumbnailUrl\"  \/><\/div><\/div>\n","protected":false},"excerpt":{"rendered":"","protected":false},"author":7,"featured_media":0,"comment_status":"closed","ping_status":"open","sticky":false,"template":"","format":"standard","meta":{"_hu_post_content":"[av_textblock size='' font_color='' color='' admin_preview_bg='']\r\nSziasztok!\r\nA vizibicikliverseny k\u00eds\u00e9r\u0151 programjaik\u00e9nt, szombaton, augusztus 10-\u00e9n is v\u00e1r @mindenkit 17:00-t\u00f3l Imre M\u00e1csai relax\u00e1ci\u00f3s hangf\u00fcrd\u0151re, 18:00-t\u00f3l pedig szaunasze\u00e1nszok kezd\u0151dnek Kurtos L\u00e1szl\u00f3 Kurtos \u00e9s Imre M\u00e1rton Simon szaunamesterek vezet\u00e9s\u00e9vel. A v\u00edzibicikliversenyt 15:00 \u00f3rakor ind\u00edtjuk, a szaunaprogramokra jelentkezzetek a recepci\u00f3n!\r\n\r\n<a href=\"https:\/\/www.facebook.com\/events\/368287589649639\/?acontext=%7B%22event_action_history%22%3A[%7B%22surface%22%3A%22group%22%7D%2C%7B%22mechanism%22%3A%22attachment%22%2C%22surface%22%3A%22newsfeed%22%7D]%2C%22ref_notif_type%22%3Anull%7D\">https:\/\/www.facebook.com\/events\/368287589649639\/?acontext=%7B%22event_action_history%22%3A[%7B%22surface%22%3A%22group%22%7D%2C%7B%22mechanism%22%3A%22attachment%22%2C%22surface%22%3A%22newsfeed%22%7D]%2C%22ref_notif_type%22%3Anull%7D<\/a>\r\n[\/av_textblock]\r\n\r\n[av_image src='https:\/\/natours.hu\/wp-content\/uploads\/2025\/01\/454529963_26269709159343038_4923311354686615802_n-300x225.jpg' attachment='8074' attachment_size='medium' align='center' styling='' hover='' link='' target='' caption='' font_size='' appearance='' overlay_opacity='0.4' overlay_color='#000000' overlay_text_color='#ffffff' animation='no-animation' admin_preview_bg=''][\/av_image]","_hu_post_name":"2024-augusztus-10-fektelen-vizibicikli-verseny-a-szikin","_hu_post_excerpt":"","_hu_post_title":"2024. augusztus 10. - F\u00e9ktelen v\u00edzibicikli-verseny a Szikin","_en_post_content":"","_en_post_name":"","_en_post_excerpt":"","_en_post_title":"","edit_language":"hu"},"categories":[68,1],"tags":[],"_links":{"self":[{"href":"https:\/\/natours.hu\/hu\/wp-json\/wp\/v2\/posts\/8050"}],"collection":[{"href":"https:\/\/natours.hu\/hu\/wp-json\/wp\/v2\/posts"}],"about":[{"href":"https:\/\/natours.hu\/hu\/wp-json\/wp\/v2\/types\/post"}],"author":[{"embeddable":true,"href":"https:\/\/natours.hu\/hu\/wp-json\/wp\/v2\/users\/7"}],"replies":[{"embeddable":true,"href":"https:\/\/natours.hu\/hu\/wp-json\/wp\/v2\/comments?post=8050"}],"version-history":[{"count":2,"href":"https:\/\/natours.hu\/hu\/wp-json\/wp\/v2\/posts\/8050\/revisions"}],"predecessor-version":[{"id":8077,"href":"https:\/\/natours.hu\/hu\/wp-json\/wp\/v2\/posts\/8050\/revisions\/8077"}],"wp:attachment":[{"href":"https:\/\/natours.hu\/hu\/wp-json\/wp\/v2\/media?parent=8050"}],"wp:term":[{"taxonomy":"category","embeddable":true,"href":"https:\/\/natours.hu\/hu\/wp-json\/wp\/v2\/categories?post=8050"},{"taxonomy":"post_tag","embeddable":true,"href":"https:\/\/natours.hu\/hu\/wp-json\/wp\/v2\/tags?post=8050"}],"curies":[{"name":"wp","href":"https:\/\/api.w.org\/{rel}","templated":true}]}}