{"id":8051,"date":"2024-07-19T11:24:58","date_gmt":"2024-07-19T11:24:58","guid":{"rendered":"https:\/\/natours.hu\/hu\/?p=8051"},"modified":"2024-12-20T11:30:27","modified_gmt":"2024-12-20T11:30:27","slug":"2024-julius-20-holland-baratainkat-fogado-buli","status":"publish","type":"post","link":"https:\/\/natours.hu\/hu\/2024-julius-20-holland-baratainkat-fogado-buli\/","title":{"rendered":"2024. j\u00falius 20. Holland Bar\u00e1tainkat Fogad\u00f3 Buli"},"content":{"rendered":"<div class=\"flex_column av_one_full  flex_column_div av-zero-column-padding first  \" style='border-radius:0px; '><\/div>\n<div class='avia-image-container  av-styling-   avia-align-center '  itemscope=\"itemscope\" itemtype=\"https:\/\/schema.org\/ImageObject\"  ><div class='avia-image-container-inner'><img class='avia_image ' src='https:\/\/natours.hu\/wp-content\/uploads\/2024\/12\/2-300x225.jpg' alt='' title='2'   itemprop=\"thumbnailUrl\"  \/><\/div><\/div>\n<section class=\"av_textblock_section\"  itemscope=\"itemscope\" itemtype=\"https:\/\/schema.org\/BlogPosting\" itemprop=\"blogPost\" ><div class='avia_textblock '   itemprop=\"text\" ><div class=\"xdj266r x11i5rnm xat24cr x1mh8g0r x1vvkbs\">Hagyom\u00e1nyainkhoz h\u00edven a sporth\u00e9t el\u0151tti szombaton (2024.07.20.), este hatt\u00f3l holland vend\u00e9geink tisztelet\u00e9re bulit szervez\u00fcnk. A bel\u00e9p\u0151d\u00edj most is egy produkci\u00f3 \u2013 egy\u00e9nek, p\u00e1rok, csal\u00e1dok, kisebb bar\u00e1ti t\u00e1rsas\u00e1gok n\u00e9h\u00e1ny perces el\u0151ad\u00e1sait v\u00e1rjuk. Viccet mes\u00e9lhettek, pantomimezhettek, t\u00e1ncolhattok, sz\u00ednh\u00e1zi jelenetet adhattok el\u0151. B\u0171v\u00e9szked\u00e9s, akrobatika is belef\u00e9r. B\u00e1rmi, amivel egym\u00e1st sz\u00f3rakoztatni tudjuk. Minden r\u00e9sztvev\u0151t megh\u00edvunk egy vacsor\u00e1ra.<\/div>\n<div class=\"x11i5rnm xat24cr x1mh8g0r x1vvkbs xtlvy1s\">K\u00e9r\u00fcnk titeket, min\u00e9l el\u0151bb adj\u00e1tok le szombaton a szervez\u0151knek az el\u0151adni k\u00edv\u00e1nt produkci\u00f3 c\u00edm\u00e9t \u00e9s v\u00e1zlatos tartalm\u00e1t \u2013 ezzel nagym\u00e9rt\u00e9kben megk\u00f6nny\u00edtitek a munk\u00e1nkat.<\/div>\n<div class=\"x11i5rnm xat24cr x1mh8g0r x1vvkbs xtlvy1s\">&#8211; Term\u00e9szetesen az im\u00e1dott hangt\u00e1l program sem maradhat el, 17 \u00f3rai kezdettel ind\u00edtjuk a m\u00e1r megszokott \u00e1rny\u00e9kos helyen, M\u00e1csai Imre vezet\u00e9s\u00e9vel.<br class=\"html-br\" \/>&#8211; 20-21 \u00f3ra magass\u00e1g\u00e1ban ind\u00edtunk a szauna programokat is, a Szentesi Szaunamesterek fognak nektek legyezni \u00e9s fel\u00f6nt\u00e9seikkel var\u00e1zslatosabb\u00e1 tenni ezt a napot!<br class=\"html-br\" \/>&#8211; A szombati t\u00e1ncos &#8211; zen\u00e9s est ezek ut\u00e1n meg semmik\u00e9ppen sem maradhat ki, gyertek mindannyian!<\/div>\n<div class=\"x11i5rnm xat24cr x1mh8g0r x1vvkbs xtlvy1s\">S\u00fcss\u00f6n r\u00e1tok a nap! \ud83d\ude42<\/div>\n<div class=\"x11i5rnm xat24cr x1mh8g0r x1vvkbs xtlvy1s\">A Sziki Naturista Egyes\u00fclet \u00e9s Sziki csapat\u00e1nak k\u00f6z\u00f6s rendezv\u00e9nye<\/div>\n<div><\/div>\n<div><a href=\"https:\/\/www.facebook.com\/events\/1534641860423864?acontext=%7B%22event_action_history%22%3A[%7B%22extra_data%22%3A%22%22%2C%22mechanism%22%3A%22unknown%22%2C%22surface%22%3A%22group%22%7D%2C%7B%22extra_data%22%3A%22%22%2C%22mechanism%22%3A%22attachment%22%2C%22surface%22%3A%22newsfeed%22%7D%2C%7B%22extra_data%22%3A%22%22%2C%22mechanism%22%3A%22attachment%22%2C%22surface%22%3A%22newsfeed%22%7D]%2C%22ref_notif_type%22%3Anull%7D\">https:\/\/www.facebook.com\/events\/1534641860423864?acontext=%7B%22event_action_history%22%3A[%7B%22extra_data%22%3A%22%22%2C%22mechanism%22%3A%22unknown%22%2C%22surface%22%3A%22group%22%7D%2C%7B%22extra_data%22%3A%22%22%2C%22mechanism%22%3A%22attachment%22%2C%22surface%22%3A%22newsfeed%22%7D%2C%7B%22extra_data%22%3A%22%22%2C%22mechanism%22%3A%22attachment%22%2C%22surface%22%3A%22newsfeed%22%7D]%2C%22ref_notif_type%22%3Anull%7D<\/a><\/div>\n<\/div><\/section>\n","protected":false},"excerpt":{"rendered":"","protected":false},"author":7,"featured_media":0,"comment_status":"closed","ping_status":"open","sticky":false,"template":"","format":"standard","meta":{"_hu_post_content":"[av_one_full first min_height='' vertical_alignment='' space='' custom_margin='' margin='0px' padding='0px' border='' border_color='' radius='0px' background_color='' src='' background_position='top left' background_repeat='no-repeat' animation='' mobile_display=''][\/av_one_full]\r\n\r\n[av_image src='https:\/\/natours.hu\/wp-content\/uploads\/2024\/12\/2-300x225.jpg' attachment='8052' attachment_size='medium' align='center' styling='' hover='' link='' target='' caption='' font_size='' appearance='' overlay_opacity='0.4' overlay_color='#000000' overlay_text_color='#ffffff' animation='no-animation' admin_preview_bg=''][\/av_image]\r\n\r\n[av_textblock size='' font_color='' color='' admin_preview_bg='']\r\n<div class=\"xdj266r x11i5rnm xat24cr x1mh8g0r x1vvkbs\">Hagyom\u00e1nyainkhoz h\u00edven a sporth\u00e9t el\u0151tti szombaton (2024.07.20.), este hatt\u00f3l holland vend\u00e9geink tisztelet\u00e9re bulit szervez\u00fcnk. A bel\u00e9p\u0151d\u00edj most is egy produkci\u00f3 \u2013 egy\u00e9nek, p\u00e1rok, csal\u00e1dok, kisebb bar\u00e1ti t\u00e1rsas\u00e1gok n\u00e9h\u00e1ny perces el\u0151ad\u00e1sait v\u00e1rjuk. Viccet mes\u00e9lhettek, pantomimezhettek, t\u00e1ncolhattok, sz\u00ednh\u00e1zi jelenetet adhattok el\u0151. B\u0171v\u00e9szked\u00e9s, akrobatika is belef\u00e9r. B\u00e1rmi, amivel egym\u00e1st sz\u00f3rakoztatni tudjuk. Minden r\u00e9sztvev\u0151t megh\u00edvunk egy vacsor\u00e1ra.<\/div>\r\n<div class=\"x11i5rnm xat24cr x1mh8g0r x1vvkbs xtlvy1s\">K\u00e9r\u00fcnk titeket, min\u00e9l el\u0151bb adj\u00e1tok le szombaton a szervez\u0151knek az el\u0151adni k\u00edv\u00e1nt produkci\u00f3 c\u00edm\u00e9t \u00e9s v\u00e1zlatos tartalm\u00e1t \u2013 ezzel nagym\u00e9rt\u00e9kben megk\u00f6nny\u00edtitek a munk\u00e1nkat.<\/div>\r\n<div class=\"x11i5rnm xat24cr x1mh8g0r x1vvkbs xtlvy1s\">- Term\u00e9szetesen az im\u00e1dott hangt\u00e1l program sem maradhat el, 17 \u00f3rai kezdettel ind\u00edtjuk a m\u00e1r megszokott \u00e1rny\u00e9kos helyen, M\u00e1csai Imre vezet\u00e9s\u00e9vel.<br class=\"html-br\" \/>- 20-21 \u00f3ra magass\u00e1g\u00e1ban ind\u00edtunk a szauna programokat is, a Szentesi Szaunamesterek fognak nektek legyezni \u00e9s fel\u00f6nt\u00e9seikkel var\u00e1zslatosabb\u00e1 tenni ezt a napot!<br class=\"html-br\" \/>- A szombati t\u00e1ncos - zen\u00e9s est ezek ut\u00e1n meg semmik\u00e9ppen sem maradhat ki, gyertek mindannyian!<\/div>\r\n<div class=\"x11i5rnm xat24cr x1mh8g0r x1vvkbs xtlvy1s\">S\u00fcss\u00f6n r\u00e1tok a nap! :)<\/div>\r\n<div class=\"x11i5rnm xat24cr x1mh8g0r x1vvkbs xtlvy1s\">A Sziki Naturista Egyes\u00fclet \u00e9s Sziki csapat\u00e1nak k\u00f6z\u00f6s rendezv\u00e9nye<\/div>\r\n<div><\/div>\r\n<div><a href=\"https:\/\/www.facebook.com\/events\/1534641860423864?acontext=%7B%22event_action_history%22%3A[%7B%22extra_data%22%3A%22%22%2C%22mechanism%22%3A%22unknown%22%2C%22surface%22%3A%22group%22%7D%2C%7B%22extra_data%22%3A%22%22%2C%22mechanism%22%3A%22attachment%22%2C%22surface%22%3A%22newsfeed%22%7D%2C%7B%22extra_data%22%3A%22%22%2C%22mechanism%22%3A%22attachment%22%2C%22surface%22%3A%22newsfeed%22%7D]%2C%22ref_notif_type%22%3Anull%7D\">https:\/\/www.facebook.com\/events\/1534641860423864?acontext=%7B%22event_action_history%22%3A[%7B%22extra_data%22%3A%22%22%2C%22mechanism%22%3A%22unknown%22%2C%22surface%22%3A%22group%22%7D%2C%7B%22extra_data%22%3A%22%22%2C%22mechanism%22%3A%22attachment%22%2C%22surface%22%3A%22newsfeed%22%7D%2C%7B%22extra_data%22%3A%22%22%2C%22mechanism%22%3A%22attachment%22%2C%22surface%22%3A%22newsfeed%22%7D]%2C%22ref_notif_type%22%3Anull%7D<\/a><\/div>\r\n[\/av_textblock]","_hu_post_name":"2024-julius-20-holland-baratainkat-fogado-buli","_hu_post_excerpt":"","_hu_post_title":"2024. j\u00falius 20. Holland Bar\u00e1tainkat Fogad\u00f3 Buli","_en_post_content":"","_en_post_name":"","_en_post_excerpt":"","_en_post_title":"","edit_language":"hu"},"categories":[68,1],"tags":[],"_links":{"self":[{"href":"https:\/\/natours.hu\/hu\/wp-json\/wp\/v2\/posts\/8051"}],"collection":[{"href":"https:\/\/natours.hu\/hu\/wp-json\/wp\/v2\/posts"}],"about":[{"href":"https:\/\/natours.hu\/hu\/wp-json\/wp\/v2\/types\/post"}],"author":[{"embeddable":true,"href":"https:\/\/natours.hu\/hu\/wp-json\/wp\/v2\/users\/7"}],"replies":[{"embeddable":true,"href":"https:\/\/natours.hu\/hu\/wp-json\/wp\/v2\/comments?post=8051"}],"version-history":[{"count":2,"href":"https:\/\/natours.hu\/hu\/wp-json\/wp\/v2\/posts\/8051\/revisions"}],"predecessor-version":[{"id":8054,"href":"https:\/\/natours.hu\/hu\/wp-json\/wp\/v2\/posts\/8051\/revisions\/8054"}],"wp:attachment":[{"href":"https:\/\/natours.hu\/hu\/wp-json\/wp\/v2\/media?parent=8051"}],"wp:term":[{"taxonomy":"category","embeddable":true,"href":"https:\/\/natours.hu\/hu\/wp-json\/wp\/v2\/categories?post=8051"},{"taxonomy":"post_tag","embeddable":true,"href":"https:\/\/natours.hu\/hu\/wp-json\/wp\/v2\/tags?post=8051"}],"curies":[{"name":"wp","href":"https:\/\/api.w.org\/{rel}","templated":true}]}}