{"id":8168,"date":"2025-02-06T05:31:10","date_gmt":"2025-02-06T05:31:10","guid":{"rendered":"https:\/\/natours.hu\/hu\/?p=8168"},"modified":"2025-02-09T01:07:45","modified_gmt":"2025-02-09T01:07:45","slug":"2025-majus-24-gyereknap-a-szikin","status":"publish","type":"post","link":"https:\/\/natours.hu\/hu\/2025-majus-24-gyereknap-a-szikin\/","title":{"rendered":"2025. m\u00e1jus 24. &#8211; Gyereknap a Szikin!"},"content":{"rendered":"<section class=\"av_textblock_section\"  itemscope=\"itemscope\" itemtype=\"https:\/\/schema.org\/BlogPosting\" itemprop=\"blogPost\" ><div class='avia_textblock '   itemprop=\"text\" ><p>Kedves Szikisek! \ud83d\ude42<\/p>\n<p>M\u00f3ka, j\u00e1t\u00e9k, kacag\u00e1s! Eg\u00e9sz napos esem\u00e9nysorozat gyereknap alkalm\u00e1val, de minden koroszt\u00e1lynak!<br class=\"html-br\" \/>Gyertek, \u00fcnnepelj\u00fck egy\u00fctt a Szikin a gyermeki \u00f6r\u00f6m\u00f6t, a j\u00e1t\u00e9kot \u00e9s persze a legkisebbeket, a j\u00f6v\u0151 gener\u00e1ci\u00f3j\u00e1t, a felcsepered\u0151 naturist\u00e1kat.<br class=\"html-br\" \/>M\u00e1jus 24. szombati, eg\u00e9sz napos, d\u00e9lel\u0151tt a gyereknap alkalm\u00e1val a legfiatalabbakra szabott, este pedig a feln\u0151tt koroszt\u00e1ly sz\u00e1m\u00e1ra \u00f6ssze\u00e1ll\u00edtott rendezv\u00e9ny\u00fcnket fogadj\u00e1tok sok-sok szeretettel: &#8220;Legyen m\u00f3ka, j\u00e1t\u00e9k, kacag\u00e1s!&#8221;<br class=\"html-br\" \/>Hagyom\u00e1nyosan n\u00e1lunk m\u00e1jus utols\u00f3 szombatj\u00e1n tartjuk a gyereknapot. \u00cdgy tesz\u00fcnk id\u00e9n is \u00e9s most sem lesz\u00fcnk a kicsiket sz\u00f3rakoztat\u00f3 versenysz\u00e1moknak, vet\u00e9lked\u0151knek sz\u0171k\u00e9ben.<br class=\"html-br\" \/>Reggelt\u0151l indul a biciklis lass\u00fas\u00e1gi, \u00f3ri\u00e1s twister, bowling, hula-hopp, \u00fcd\u00edt\u0151iv\u00f3 \u00e9s ugr\u00f3k\u00f6telez\u00e9s, illetve darts-szal val\u00f3 lufieltal\u00e1l\u00f3-verseny. Lufi-v\u00edzibomba, sz\u00e9kfoglal\u00f3, maszk k\u00e9sz\u00edt\u00e9s \u00e9s s\u00f3-liszt gyurm\u00e1z\u00e1s fogja d\u00e9lel\u0151tt, k\u00e9s\u0151 d\u00e9lut\u00e1nig sz\u00ednes\u00edteni a gyerekeknek tervezett programokat.<br class=\"html-br\" \/>A j\u00e9gk\u00f6p\u00e9sbe, ha j\u00f3l viselkednek, m\u00e9g t\u00falkoros gyerekek (\u201cfeln\u0151ttek\u201d) is besz\u00e1llhatnak.\u00a0<span class=\"html-span xexx8yu x4uap5 x18d9i69 xkhd6sd x1hl2dhg x16tdsg8 x1vvkbs x3nfvp2 x1j61x8r x1fcty0u xdj266r xat24cr xgzva0m xhhsvwb xxymvpz xlup9mm x1kky2od\"><img decoding=\"async\" loading=\"lazy\" class=\"xz74otr\" src=\"https:\/\/static.xx.fbcdn.net\/images\/emoji.php\/v9\/t6d\/1\/16\/1f973.png\" alt=\"\ud83e\udd73\" width=\"16\" height=\"16\" \/><\/span>\u00a0Anim\u00e1toraink, t\u00f6bbek k\u00f6z\u00f6tt a legkisebbek t\u00fcnd\u00e9re, K\u00f3cz\u00e1n Kata fogja az anim\u00e1tor szerep\u00e9t bet\u00f6lteni \u00e9s a j\u00f3 hangulatr\u00f3l, p\u00f6rg\u00e9sr\u0151l gondoskodni.\u00a0<span class=\"html-span xexx8yu x4uap5 x18d9i69 xkhd6sd x1hl2dhg x16tdsg8 x1vvkbs x3nfvp2 x1j61x8r x1fcty0u xdj266r xat24cr xgzva0m xhhsvwb xxymvpz xlup9mm x1kky2od\"><img decoding=\"async\" loading=\"lazy\" class=\"xz74otr\" src=\"https:\/\/static.xx.fbcdn.net\/images\/emoji.php\/v9\/t6c\/1\/16\/2764.png\" alt=\"\u2764\ufe0f\" width=\"16\" height=\"16\" \/><\/span><br class=\"html-br\" \/>&#8211; 16 \u00f3r\u00e1t\u00f3l hangt\u00e1l programlehet\u0151s\u00e9g (Imre M\u00e1csai, \u00c9vi \u00e9s \u00c1kos k\u00f6zrem\u0171k\u00f6d\u00e9s\u00e9vel) is a rendelkez\u00e9setekre \u00e1ll mostm\u00e1ron a Szikin!<br class=\"html-br\" \/>&#8211; 17 \u00f3r\u00e1t\u00f3l, ha m\u00e1r mindenki bemelegedett, tov\u00e1bb f\u0171tj\u00fck a hangulatot, a Szentes-i naturista szaunamesterek csapata (Simon Imre M\u00e1rton\/Rita Bencsik\/Hlbocs\u00e1nyin\u00e9 Szentp\u00e9teri Anett \/ Kurtos L\u00e1szl\u00f3 \u00e9s megh\u00edvott vend\u00e9g szaunamesterek) folytatj\u00e1k legend\u00e1s fel\u00f6nt\u00e9seiket! A 4 darab szaunaprogram garant\u00e1lt<span class=\"html-span xexx8yu x4uap5 x18d9i69 xkhd6sd x1hl2dhg x16tdsg8 x1vvkbs x3nfvp2 x1j61x8r x1fcty0u xdj266r xat24cr xgzva0m xhhsvwb xxymvpz xlup9mm x1kky2od\"><img decoding=\"async\" loading=\"lazy\" class=\"xz74otr\" src=\"https:\/\/static.xx.fbcdn.net\/images\/emoji.php\/v9\/tf1\/1\/16\/1f4af.png\" alt=\"\ud83d\udcaf\" width=\"16\" height=\"16\" \/><\/span><br class=\"html-br\" \/>&#8211; 20 \u00f3r\u00e1t\u00f3l, (rem\u00e9lj\u00fck, most m\u00e1r a feln\u0151ttek is kedv\u00fckre p\u00f6r\u00f6ghetnek\u00a0<span class=\"html-span xexx8yu x4uap5 x18d9i69 xkhd6sd x1hl2dhg x16tdsg8 x1vvkbs x3nfvp2 x1j61x8r x1fcty0u xdj266r xat24cr xgzva0m xhhsvwb xxymvpz xlup9mm x1kky2od\"><img decoding=\"async\" loading=\"lazy\" class=\"xz74otr\" src=\"https:\/\/static.xx.fbcdn.net\/images\/emoji.php\/v9\/t51\/1\/16\/1f603.png\" alt=\"\ud83d\ude03\" width=\"16\" height=\"16\" \/><\/span>\u00a0) t\u00e1ncra perd\u00fclhet apraja-nagyja, &#8211; a zen\u00e9t szolg\u00e1ltatjuk hozz\u00e1!<br class=\"html-br\" \/>Gyertek mindannyian, \u00fcnnepelj\u00fck a legkisebbeket egy\u00fctt, eg\u00e9sz nap!<br class=\"html-br\" \/>S\u00fcss\u00f6n r\u00e1tok, (kicsikre \u00e9s nagyokra egyar\u00e1nt) a nap\u00a0<span class=\"html-span xexx8yu x4uap5 x18d9i69 xkhd6sd x1hl2dhg x16tdsg8 x1vvkbs x3nfvp2 x1j61x8r x1fcty0u xdj266r xat24cr xgzva0m xhhsvwb xxymvpz xlup9mm x1kky2od\"><img decoding=\"async\" loading=\"lazy\" class=\"xz74otr\" src=\"https:\/\/static.xx.fbcdn.net\/images\/emoji.php\/v9\/t5f\/1\/16\/1f31e.png\" alt=\"\ud83c\udf1e\" width=\"16\" height=\"16\" \/><\/span>!<br class=\"html-br\" \/>A Sziki Naturista Egyes\u00fclet, a Szentes-i szaunamesterek \u00e9s a Sziki csapat\u00e1nak k\u00f6z\u00f6s rendezv\u00e9nye<\/p>\n<p><a href=\"https:\/\/fb.me\/e\/4O8KihY3F\">https:\/\/fb.me\/e\/4O8KihY3F<\/a><\/p>\n<\/div><\/section>\n<div class='avia-image-container  av-styling-   avia-align-center '  itemscope=\"itemscope\" itemtype=\"https:\/\/schema.org\/ImageObject\"  ><div class='avia-image-container-inner'><img class='avia_image ' src='https:\/\/natours.hu\/wp-content\/uploads\/2025\/02\/474113888_565245969879192_1118557815211566041_n-300x271.jpg' alt='' title='474113888_565245969879192_1118557815211566041_n'   itemprop=\"thumbnailUrl\"  \/><\/div><\/div>\n","protected":false},"excerpt":{"rendered":"","protected":false},"author":7,"featured_media":0,"comment_status":"closed","ping_status":"open","sticky":false,"template":"","format":"standard","meta":{"_hu_post_content":"[av_textblock size='' font_color='' color='' admin_preview_bg='']\r\nKedves Szikisek! :)\r\n\r\nM\u00f3ka, j\u00e1t\u00e9k, kacag\u00e1s! Eg\u00e9sz napos esem\u00e9nysorozat gyereknap alkalm\u00e1val, de minden koroszt\u00e1lynak!<br class=\"html-br\" \/>Gyertek, \u00fcnnepelj\u00fck egy\u00fctt a Szikin a gyermeki \u00f6r\u00f6m\u00f6t, a j\u00e1t\u00e9kot \u00e9s persze a legkisebbeket, a j\u00f6v\u0151 gener\u00e1ci\u00f3j\u00e1t, a felcsepered\u0151 naturist\u00e1kat.<br class=\"html-br\" \/>M\u00e1jus 24. szombati, eg\u00e9sz napos, d\u00e9lel\u0151tt a gyereknap alkalm\u00e1val a legfiatalabbakra szabott, este pedig a feln\u0151tt koroszt\u00e1ly sz\u00e1m\u00e1ra \u00f6ssze\u00e1ll\u00edtott rendezv\u00e9ny\u00fcnket fogadj\u00e1tok sok-sok szeretettel: \"Legyen m\u00f3ka, j\u00e1t\u00e9k, kacag\u00e1s!\"<br class=\"html-br\" \/>Hagyom\u00e1nyosan n\u00e1lunk m\u00e1jus utols\u00f3 szombatj\u00e1n tartjuk a gyereknapot. \u00cdgy tesz\u00fcnk id\u00e9n is \u00e9s most sem lesz\u00fcnk a kicsiket sz\u00f3rakoztat\u00f3 versenysz\u00e1moknak, vet\u00e9lked\u0151knek sz\u0171k\u00e9ben.<br class=\"html-br\" \/>Reggelt\u0151l indul a biciklis lass\u00fas\u00e1gi, \u00f3ri\u00e1s twister, bowling, hula-hopp, \u00fcd\u00edt\u0151iv\u00f3 \u00e9s ugr\u00f3k\u00f6telez\u00e9s, illetve darts-szal val\u00f3 lufieltal\u00e1l\u00f3-verseny. Lufi-v\u00edzibomba, sz\u00e9kfoglal\u00f3, maszk k\u00e9sz\u00edt\u00e9s \u00e9s s\u00f3-liszt gyurm\u00e1z\u00e1s fogja d\u00e9lel\u0151tt, k\u00e9s\u0151 d\u00e9lut\u00e1nig sz\u00ednes\u00edteni a gyerekeknek tervezett programokat.<br class=\"html-br\" \/>A j\u00e9gk\u00f6p\u00e9sbe, ha j\u00f3l viselkednek, m\u00e9g t\u00falkoros gyerekek (\u201cfeln\u0151ttek\u201d) is besz\u00e1llhatnak.\u00a0<span class=\"html-span xexx8yu x4uap5 x18d9i69 xkhd6sd x1hl2dhg x16tdsg8 x1vvkbs x3nfvp2 x1j61x8r x1fcty0u xdj266r xat24cr xgzva0m xhhsvwb xxymvpz xlup9mm x1kky2od\"><img class=\"xz74otr\" src=\"https:\/\/static.xx.fbcdn.net\/images\/emoji.php\/v9\/t6d\/1\/16\/1f973.png\" alt=\"\ud83e\udd73\" width=\"16\" height=\"16\" \/><\/span>\u00a0Anim\u00e1toraink, t\u00f6bbek k\u00f6z\u00f6tt a legkisebbek t\u00fcnd\u00e9re, K\u00f3cz\u00e1n Kata fogja az anim\u00e1tor szerep\u00e9t bet\u00f6lteni \u00e9s a j\u00f3 hangulatr\u00f3l, p\u00f6rg\u00e9sr\u0151l gondoskodni.\u00a0<span class=\"html-span xexx8yu x4uap5 x18d9i69 xkhd6sd x1hl2dhg x16tdsg8 x1vvkbs x3nfvp2 x1j61x8r x1fcty0u xdj266r xat24cr xgzva0m xhhsvwb xxymvpz xlup9mm x1kky2od\"><img class=\"xz74otr\" src=\"https:\/\/static.xx.fbcdn.net\/images\/emoji.php\/v9\/t6c\/1\/16\/2764.png\" alt=\"\u2764\ufe0f\" width=\"16\" height=\"16\" \/><\/span><br class=\"html-br\" \/>- 16 \u00f3r\u00e1t\u00f3l hangt\u00e1l programlehet\u0151s\u00e9g (Imre M\u00e1csai, \u00c9vi \u00e9s \u00c1kos k\u00f6zrem\u0171k\u00f6d\u00e9s\u00e9vel) is a rendelkez\u00e9setekre \u00e1ll mostm\u00e1ron a Szikin!<br class=\"html-br\" \/>- 17 \u00f3r\u00e1t\u00f3l, ha m\u00e1r mindenki bemelegedett, tov\u00e1bb f\u0171tj\u00fck a hangulatot, a Szentes-i naturista szaunamesterek csapata (Simon Imre M\u00e1rton\/Rita Bencsik\/Hlbocs\u00e1nyin\u00e9 Szentp\u00e9teri Anett \/ Kurtos L\u00e1szl\u00f3 \u00e9s megh\u00edvott vend\u00e9g szaunamesterek) folytatj\u00e1k legend\u00e1s fel\u00f6nt\u00e9seiket! A 4 darab szaunaprogram garant\u00e1lt<span class=\"html-span xexx8yu x4uap5 x18d9i69 xkhd6sd x1hl2dhg x16tdsg8 x1vvkbs x3nfvp2 x1j61x8r x1fcty0u xdj266r xat24cr xgzva0m xhhsvwb xxymvpz xlup9mm x1kky2od\"><img class=\"xz74otr\" src=\"https:\/\/static.xx.fbcdn.net\/images\/emoji.php\/v9\/tf1\/1\/16\/1f4af.png\" alt=\"\ud83d\udcaf\" width=\"16\" height=\"16\" \/><\/span><br class=\"html-br\" \/>- 20 \u00f3r\u00e1t\u00f3l, (rem\u00e9lj\u00fck, most m\u00e1r a feln\u0151ttek is kedv\u00fckre p\u00f6r\u00f6ghetnek\u00a0<span class=\"html-span xexx8yu x4uap5 x18d9i69 xkhd6sd x1hl2dhg x16tdsg8 x1vvkbs x3nfvp2 x1j61x8r x1fcty0u xdj266r xat24cr xgzva0m xhhsvwb xxymvpz xlup9mm x1kky2od\"><img class=\"xz74otr\" src=\"https:\/\/static.xx.fbcdn.net\/images\/emoji.php\/v9\/t51\/1\/16\/1f603.png\" alt=\"\ud83d\ude03\" width=\"16\" height=\"16\" \/><\/span>\u00a0) t\u00e1ncra perd\u00fclhet apraja-nagyja, - a zen\u00e9t szolg\u00e1ltatjuk hozz\u00e1!<br class=\"html-br\" \/>Gyertek mindannyian, \u00fcnnepelj\u00fck a legkisebbeket egy\u00fctt, eg\u00e9sz nap!<br class=\"html-br\" \/>S\u00fcss\u00f6n r\u00e1tok, (kicsikre \u00e9s nagyokra egyar\u00e1nt) a nap\u00a0<span class=\"html-span xexx8yu x4uap5 x18d9i69 xkhd6sd x1hl2dhg x16tdsg8 x1vvkbs x3nfvp2 x1j61x8r x1fcty0u xdj266r xat24cr xgzva0m xhhsvwb xxymvpz xlup9mm x1kky2od\"><img class=\"xz74otr\" src=\"https:\/\/static.xx.fbcdn.net\/images\/emoji.php\/v9\/t5f\/1\/16\/1f31e.png\" alt=\"\ud83c\udf1e\" width=\"16\" height=\"16\" \/><\/span>!<br class=\"html-br\" \/>A Sziki Naturista Egyes\u00fclet, a Szentes-i szaunamesterek \u00e9s a Sziki csapat\u00e1nak k\u00f6z\u00f6s rendezv\u00e9nye\r\n\r\n<a href=\"https:\/\/fb.me\/e\/4O8KihY3F\">https:\/\/fb.me\/e\/4O8KihY3F<\/a>\r\n[\/av_textblock]\r\n\r\n[av_image src='https:\/\/natours.hu\/wp-content\/uploads\/2025\/02\/474113888_565245969879192_1118557815211566041_n-300x271.jpg' attachment='8169' attachment_size='medium' align='center' styling='' hover='' link='' target='' caption='' font_size='' appearance='' overlay_opacity='0.4' overlay_color='#000000' overlay_text_color='#ffffff' animation='no-animation' admin_preview_bg=''][\/av_image]","_hu_post_name":"2025-majus-24-gyereknap-a-szikin","_hu_post_excerpt":"","_hu_post_title":"2025. m\u00e1jus 24. - Gyereknap a Szikin!","_en_post_content":"","_en_post_name":"","_en_post_excerpt":"","_en_post_title":"","edit_language":"hu"},"categories":[68,69,1,4],"tags":[],"_links":{"self":[{"href":"https:\/\/natours.hu\/hu\/wp-json\/wp\/v2\/posts\/8168"}],"collection":[{"href":"https:\/\/natours.hu\/hu\/wp-json\/wp\/v2\/posts"}],"about":[{"href":"https:\/\/natours.hu\/hu\/wp-json\/wp\/v2\/types\/post"}],"author":[{"embeddable":true,"href":"https:\/\/natours.hu\/hu\/wp-json\/wp\/v2\/users\/7"}],"replies":[{"embeddable":true,"href":"https:\/\/natours.hu\/hu\/wp-json\/wp\/v2\/comments?post=8168"}],"version-history":[{"count":3,"href":"https:\/\/natours.hu\/hu\/wp-json\/wp\/v2\/posts\/8168\/revisions"}],"predecessor-version":[{"id":8260,"href":"https:\/\/natours.hu\/hu\/wp-json\/wp\/v2\/posts\/8168\/revisions\/8260"}],"wp:attachment":[{"href":"https:\/\/natours.hu\/hu\/wp-json\/wp\/v2\/media?parent=8168"}],"wp:term":[{"taxonomy":"category","embeddable":true,"href":"https:\/\/natours.hu\/hu\/wp-json\/wp\/v2\/categories?post=8168"},{"taxonomy":"post_tag","embeddable":true,"href":"https:\/\/natours.hu\/hu\/wp-json\/wp\/v2\/tags?post=8168"}],"curies":[{"name":"wp","href":"https:\/\/api.w.org\/{rel}","templated":true}]}}