{"id":8174,"date":"2025-02-06T06:37:58","date_gmt":"2025-02-06T06:37:58","guid":{"rendered":"https:\/\/natours.hu\/hu\/?p=8174"},"modified":"2025-02-09T01:08:08","modified_gmt":"2025-02-09T01:08:08","slug":"2025-junius-20-22-i-sziki-szauna-fesztival","status":"publish","type":"post","link":"https:\/\/natours.hu\/hu\/2025-junius-20-22-i-sziki-szauna-fesztival\/","title":{"rendered":"2025. j\u00fanius 20-22. &#8211; I. Sziki Szauna Fesztiv\u00e1l"},"content":{"rendered":"<section class=\"av_textblock_section\"  itemscope=\"itemscope\" itemtype=\"https:\/\/schema.org\/BlogPosting\" itemprop=\"blogPost\" ><div class='avia_textblock '   itemprop=\"text\" ><p>Kedves Szikisek! \ud83d\ude42<\/p>\n<div class=\"xdj266r x11i5rnm xat24cr x1mh8g0r x1vvkbs\">Ezen a h\u00e9tv\u00e9g\u00e9n valami k\u00fcl\u00f6nlegessel k\u00e9sz\u00fclt\u00fcnk Nektek!<\/div>\n<div class=\"x11i5rnm xat24cr x1mh8g0r x1vvkbs xtlvy1s\">3 napon kereszt\u00fcl, 10 &#8211; 12 szaunamester, 30 k\u00fcl\u00f6nleges szaunafel\u00f6nt\u00e9s \u00e9s naponta v\u00e1ltoz\u00f3 programsor.<\/div>\n<div class=\"x11i5rnm xat24cr x1mh8g0r x1vvkbs xtlvy1s\">Egy egyed\u00fcl\u00e1ll\u00f3 h\u00e9tv\u00e9ge, ami csak a textilmentes szaun\u00e1z\u00e1sr\u00f3l \u00e9s egy nagyszer\u0171 k\u00f6z\u00f6ss\u00e9gr\u0151l sz\u00f3l.<\/div>\n<div class=\"x11i5rnm xat24cr x1mh8g0r x1vvkbs xtlvy1s\">M\u00c1R MOST \u00c9RDEKL\u0150DJ A 2025-\u00f6s SZ\u00c1LL\u00c1SLEHET\u0150S\u00c9GEK FEL\u0150L A KEMPINGBEN!!!!<\/div>\n<div class=\"x11i5rnm xat24cr x1mh8g0r x1vvkbs xtlvy1s\">Hangf\u00fcrd\u0151, k\u00edn\u00e1l\u00f3asztal, j\u00e1t\u00e9kok, szauna workshopok, besz\u00e9lget\u00e9sek, massz\u00e1zs, j\u00f3ga, gyerekszauna, zen\u00e9s t\u00e1ncos est \u00e9s amit m\u00e9g addig kital\u00e1lunk.<\/div>\n<div class=\"x11i5rnm xat24cr x1mh8g0r x1vvkbs xtlvy1s\">Legyen j\u00f3 id\u0151nk \u00e9s s\u00fcss\u00f6n r\u00e1nk a nap!<br class=\"html-br\" \/>V\u00e1runk mindenkit szeretettel,<br class=\"html-br\" \/>a Sziki Naturista Egyes\u00fclet, a Sziki csapata \u00e9s a Szentes-i naturista szaunamesterek<\/div>\n<div><a href=\"https:\/\/fb.me\/e\/4fLOp3lrY\">https:\/\/fb.me\/e\/4fLOp3lrY<\/a><\/div>\n<\/div><\/section>\n<div class='avia-image-container  av-styling-   avia-align-center '  itemscope=\"itemscope\" itemtype=\"https:\/\/schema.org\/ImageObject\"  ><div class='avia-image-container-inner'><img class='avia_image ' src='https:\/\/natours.hu\/wp-content\/uploads\/2025\/02\/475435170_570545812682541_8167941545578019087_n-300x225.jpg' alt='' title='475435170_570545812682541_8167941545578019087_n'   itemprop=\"thumbnailUrl\"  \/><\/div><\/div>\n","protected":false},"excerpt":{"rendered":"","protected":false},"author":7,"featured_media":0,"comment_status":"closed","ping_status":"open","sticky":false,"template":"","format":"standard","meta":{"_hu_post_content":"[av_textblock size='' font_color='' color='' admin_preview_bg='']\r\nKedves Szikisek! :)\r\n<div class=\"xdj266r x11i5rnm xat24cr x1mh8g0r x1vvkbs\">Ezen a h\u00e9tv\u00e9g\u00e9n valami k\u00fcl\u00f6nlegessel k\u00e9sz\u00fclt\u00fcnk Nektek!<\/div>\r\n<div class=\"x11i5rnm xat24cr x1mh8g0r x1vvkbs xtlvy1s\">3 napon kereszt\u00fcl, 10 - 12 szaunamester, 30 k\u00fcl\u00f6nleges szaunafel\u00f6nt\u00e9s \u00e9s naponta v\u00e1ltoz\u00f3 programsor.<\/div>\r\n<div class=\"x11i5rnm xat24cr x1mh8g0r x1vvkbs xtlvy1s\">Egy egyed\u00fcl\u00e1ll\u00f3 h\u00e9tv\u00e9ge, ami csak a textilmentes szaun\u00e1z\u00e1sr\u00f3l \u00e9s egy nagyszer\u0171 k\u00f6z\u00f6ss\u00e9gr\u0151l sz\u00f3l.<\/div>\r\n<div class=\"x11i5rnm xat24cr x1mh8g0r x1vvkbs xtlvy1s\">M\u00c1R MOST \u00c9RDEKL\u0150DJ A 2025-\u00f6s SZ\u00c1LL\u00c1SLEHET\u0150S\u00c9GEK FEL\u0150L A KEMPINGBEN!!!!<\/div>\r\n<div class=\"x11i5rnm xat24cr x1mh8g0r x1vvkbs xtlvy1s\">Hangf\u00fcrd\u0151, k\u00edn\u00e1l\u00f3asztal, j\u00e1t\u00e9kok, szauna workshopok, besz\u00e9lget\u00e9sek, massz\u00e1zs, j\u00f3ga, gyerekszauna, zen\u00e9s t\u00e1ncos est \u00e9s amit m\u00e9g addig kital\u00e1lunk.<\/div>\r\n<div class=\"x11i5rnm xat24cr x1mh8g0r x1vvkbs xtlvy1s\">Legyen j\u00f3 id\u0151nk \u00e9s s\u00fcss\u00f6n r\u00e1nk a nap!<br class=\"html-br\" \/>V\u00e1runk mindenkit szeretettel,<br class=\"html-br\" \/>a Sziki Naturista Egyes\u00fclet, a Sziki csapata \u00e9s a Szentes-i naturista szaunamesterek<\/div>\r\n<div><a href=\"https:\/\/fb.me\/e\/4fLOp3lrY\">https:\/\/fb.me\/e\/4fLOp3lrY<\/a><\/div>\r\n[\/av_textblock]\r\n\r\n[av_image src='https:\/\/natours.hu\/wp-content\/uploads\/2025\/02\/475435170_570545812682541_8167941545578019087_n-300x225.jpg' attachment='8175' attachment_size='medium' align='center' styling='' hover='' link='' target='' caption='' font_size='' appearance='' overlay_opacity='0.4' overlay_color='#000000' overlay_text_color='#ffffff' animation='no-animation' admin_preview_bg=''][\/av_image]","_hu_post_name":"2025-junius-20-22-i-sziki-szauna-fesztival","_hu_post_excerpt":"","_hu_post_title":"2025. j\u00fanius 20-22. - I. Sziki Szauna Fesztiv\u00e1l","_en_post_content":"","_en_post_name":"","_en_post_excerpt":"","_en_post_title":"","edit_language":"hu"},"categories":[68,69,1,4],"tags":[],"_links":{"self":[{"href":"https:\/\/natours.hu\/hu\/wp-json\/wp\/v2\/posts\/8174"}],"collection":[{"href":"https:\/\/natours.hu\/hu\/wp-json\/wp\/v2\/posts"}],"about":[{"href":"https:\/\/natours.hu\/hu\/wp-json\/wp\/v2\/types\/post"}],"author":[{"embeddable":true,"href":"https:\/\/natours.hu\/hu\/wp-json\/wp\/v2\/users\/7"}],"replies":[{"embeddable":true,"href":"https:\/\/natours.hu\/hu\/wp-json\/wp\/v2\/comments?post=8174"}],"version-history":[{"count":3,"href":"https:\/\/natours.hu\/hu\/wp-json\/wp\/v2\/posts\/8174\/revisions"}],"predecessor-version":[{"id":8265,"href":"https:\/\/natours.hu\/hu\/wp-json\/wp\/v2\/posts\/8174\/revisions\/8265"}],"wp:attachment":[{"href":"https:\/\/natours.hu\/hu\/wp-json\/wp\/v2\/media?parent=8174"}],"wp:term":[{"taxonomy":"category","embeddable":true,"href":"https:\/\/natours.hu\/hu\/wp-json\/wp\/v2\/categories?post=8174"},{"taxonomy":"post_tag","embeddable":true,"href":"https:\/\/natours.hu\/hu\/wp-json\/wp\/v2\/tags?post=8174"}],"curies":[{"name":"wp","href":"https:\/\/api.w.org\/{rel}","templated":true}]}}