{"id":8195,"date":"2025-02-06T08:20:12","date_gmt":"2025-02-06T08:20:12","guid":{"rendered":"https:\/\/natours.hu\/hu\/?p=8195"},"modified":"2025-02-09T01:09:43","modified_gmt":"2025-02-09T01:09:43","slug":"2025-julius-19-euro-naturist-party-a-szikin","status":"publish","type":"post","link":"https:\/\/natours.hu\/hu\/2025-julius-19-euro-naturist-party-a-szikin\/","title":{"rendered":"2025. j\u00falius 19. &#8211; Euro Naturist Party a Szikin"},"content":{"rendered":"<section class=\"av_textblock_section\"  itemscope=\"itemscope\" itemtype=\"https:\/\/schema.org\/BlogPosting\" itemprop=\"blogPost\" ><div class='avia_textblock '   itemprop=\"text\" ><p>Kedves Szikisek! \ud83d\ude42<\/p>\n<p>Hagyom\u00e1nyainkhoz h\u00edven a sporth\u00e9t el\u0151tti szombaton (2025.07.19.), este hatt\u00f3l (nem csak) k\u00fclf\u00f6ldr\u0151l \u00e9rkez\u0151 vend\u00e9geink tisztelet\u00e9re bulit szervez\u00fcnk. A bel\u00e9p\u0151d\u00edj most is egy produkci\u00f3 \u2013 egy\u00e9nek, p\u00e1rok, csal\u00e1dok, kisebb bar\u00e1ti t\u00e1rsas\u00e1gok n\u00e9h\u00e1ny perces el\u0151ad\u00e1sait v\u00e1rjuk. Viccet mes\u00e9lhettek, pantomimezhettek, t\u00e1ncolhattok, sz\u00ednh\u00e1zi jelenetet adhattok el\u0151. B\u0171v\u00e9szked\u00e9s, akrobatika is belef\u00e9r. B\u00e1rmi, amivel egym\u00e1st sz\u00f3rakoztatni tudjuk. Minden r\u00e9sztvev\u0151t megh\u00edvunk egy vacsor\u00e1ra.<br class=\"html-br\" \/>K\u00e9r\u00fcnk titeket, min\u00e9l el\u0151bb adj\u00e1tok le szombaton a szervez\u0151knek az el\u0151adni k\u00edv\u00e1nt produkci\u00f3 c\u00edm\u00e9t \u00e9s v\u00e1zlatos tartalm\u00e1t \u2013 ezzel nagym\u00e9rt\u00e9kben megk\u00f6nny\u00edtitek a munk\u00e1nkat.<br class=\"html-br\" \/>&#8211; Term\u00e9szetesen az im\u00e1dott hangt\u00e1l program sem maradhat el, 17 \u00f3rai kezdettel ind\u00edtjuk a m\u00e1r megszokott \u00e1rny\u00e9kos helyen, M\u00e1csai Imre vezet\u00e9s\u00e9vel.<br class=\"html-br\" \/>&#8211; 20-21 \u00f3ra magass\u00e1g\u00e1ban ind\u00edtunk a szauna programokat is, a Szentesi Szaunamesterek fognak nektek legyezni \u00e9s fel\u00f6nt\u00e9seikkel var\u00e1zslatosabb\u00e1 tenni ezt a napot!<br class=\"html-br\" \/>&#8211; A szombati t\u00e1ncos &#8211; zen\u00e9s est ezek ut\u00e1n meg semmi k\u00e9ppen sem maradhat ki, gyertek mindannyian!<br class=\"html-br\" \/>S\u00fcss\u00f6n r\u00e1tok a nap!<br class=\"html-br\" \/>A Sziki Naturista Egyes\u00fclet \u00e9s Sziki csapat\u00e1nak k\u00f6z\u00f6s rendezv\u00e9nye<\/p>\n<p><a href=\"https:\/\/fb.me\/e\/51YQgU85W\">https:\/\/fb.me\/e\/51YQgU85W<\/a><\/p>\n<\/div><\/section>\n<div class='avia-image-container  av-styling-   avia-align-center '  itemscope=\"itemscope\" itemtype=\"https:\/\/schema.org\/ImageObject\"  ><div class='avia-image-container-inner'><img class='avia_image ' src='https:\/\/natours.hu\/wp-content\/uploads\/2025\/02\/474125008_565356769868112_6603920639711044679_n-300x172.jpg' alt='' title='474125008_565356769868112_6603920639711044679_n'   itemprop=\"thumbnailUrl\"  \/><\/div><\/div>\n","protected":false},"excerpt":{"rendered":"","protected":false},"author":7,"featured_media":0,"comment_status":"closed","ping_status":"open","sticky":false,"template":"","format":"standard","meta":{"_hu_post_content":"[av_textblock size='' font_color='' color='' admin_preview_bg='']\r\nKedves Szikisek! :)\r\n\r\nHagyom\u00e1nyainkhoz h\u00edven a sporth\u00e9t el\u0151tti szombaton (2025.07.19.), este hatt\u00f3l (nem csak) k\u00fclf\u00f6ldr\u0151l \u00e9rkez\u0151 vend\u00e9geink tisztelet\u00e9re bulit szervez\u00fcnk. A bel\u00e9p\u0151d\u00edj most is egy produkci\u00f3 \u2013 egy\u00e9nek, p\u00e1rok, csal\u00e1dok, kisebb bar\u00e1ti t\u00e1rsas\u00e1gok n\u00e9h\u00e1ny perces el\u0151ad\u00e1sait v\u00e1rjuk. Viccet mes\u00e9lhettek, pantomimezhettek, t\u00e1ncolhattok, sz\u00ednh\u00e1zi jelenetet adhattok el\u0151. B\u0171v\u00e9szked\u00e9s, akrobatika is belef\u00e9r. B\u00e1rmi, amivel egym\u00e1st sz\u00f3rakoztatni tudjuk. Minden r\u00e9sztvev\u0151t megh\u00edvunk egy vacsor\u00e1ra.<br class=\"html-br\" \/>K\u00e9r\u00fcnk titeket, min\u00e9l el\u0151bb adj\u00e1tok le szombaton a szervez\u0151knek az el\u0151adni k\u00edv\u00e1nt produkci\u00f3 c\u00edm\u00e9t \u00e9s v\u00e1zlatos tartalm\u00e1t \u2013 ezzel nagym\u00e9rt\u00e9kben megk\u00f6nny\u00edtitek a munk\u00e1nkat.<br class=\"html-br\" \/>- Term\u00e9szetesen az im\u00e1dott hangt\u00e1l program sem maradhat el, 17 \u00f3rai kezdettel ind\u00edtjuk a m\u00e1r megszokott \u00e1rny\u00e9kos helyen, M\u00e1csai Imre vezet\u00e9s\u00e9vel.<br class=\"html-br\" \/>- 20-21 \u00f3ra magass\u00e1g\u00e1ban ind\u00edtunk a szauna programokat is, a Szentesi Szaunamesterek fognak nektek legyezni \u00e9s fel\u00f6nt\u00e9seikkel var\u00e1zslatosabb\u00e1 tenni ezt a napot!<br class=\"html-br\" \/>- A szombati t\u00e1ncos - zen\u00e9s est ezek ut\u00e1n meg semmi k\u00e9ppen sem maradhat ki, gyertek mindannyian!<br class=\"html-br\" \/>S\u00fcss\u00f6n r\u00e1tok a nap!<br class=\"html-br\" \/>A Sziki Naturista Egyes\u00fclet \u00e9s Sziki csapat\u00e1nak k\u00f6z\u00f6s rendezv\u00e9nye\r\n\r\n<a href=\"https:\/\/fb.me\/e\/51YQgU85W\">https:\/\/fb.me\/e\/51YQgU85W<\/a>\r\n[\/av_textblock]\r\n\r\n[av_image src='https:\/\/natours.hu\/wp-content\/uploads\/2025\/02\/474125008_565356769868112_6603920639711044679_n-300x172.jpg' attachment='8196' attachment_size='medium' align='center' styling='' hover='' link='' target='' caption='' font_size='' appearance='' overlay_opacity='0.4' overlay_color='#000000' overlay_text_color='#ffffff' animation='no-animation' admin_preview_bg=''][\/av_image]","_hu_post_name":"2025-julius-19-euro-naturist-party-a-szikin","_hu_post_excerpt":"","_hu_post_title":"2025. j\u00falius 19. - Euro Naturist Party a Szikin","_en_post_content":"","_en_post_name":"","_en_post_excerpt":"","_en_post_title":"","edit_language":"hu"},"categories":[68,69,1,4],"tags":[],"_links":{"self":[{"href":"https:\/\/natours.hu\/hu\/wp-json\/wp\/v2\/posts\/8195"}],"collection":[{"href":"https:\/\/natours.hu\/hu\/wp-json\/wp\/v2\/posts"}],"about":[{"href":"https:\/\/natours.hu\/hu\/wp-json\/wp\/v2\/types\/post"}],"author":[{"embeddable":true,"href":"https:\/\/natours.hu\/hu\/wp-json\/wp\/v2\/users\/7"}],"replies":[{"embeddable":true,"href":"https:\/\/natours.hu\/hu\/wp-json\/wp\/v2\/comments?post=8195"}],"version-history":[{"count":3,"href":"https:\/\/natours.hu\/hu\/wp-json\/wp\/v2\/posts\/8195\/revisions"}],"predecessor-version":[{"id":8270,"href":"https:\/\/natours.hu\/hu\/wp-json\/wp\/v2\/posts\/8195\/revisions\/8270"}],"wp:attachment":[{"href":"https:\/\/natours.hu\/hu\/wp-json\/wp\/v2\/media?parent=8195"}],"wp:term":[{"taxonomy":"category","embeddable":true,"href":"https:\/\/natours.hu\/hu\/wp-json\/wp\/v2\/categories?post=8195"},{"taxonomy":"post_tag","embeddable":true,"href":"https:\/\/natours.hu\/hu\/wp-json\/wp\/v2\/tags?post=8195"}],"curies":[{"name":"wp","href":"https:\/\/api.w.org\/{rel}","templated":true}]}}