{"id":8205,"date":"2025-02-06T09:12:15","date_gmt":"2025-02-06T09:12:15","guid":{"rendered":"https:\/\/natours.hu\/hu\/?p=8205"},"modified":"2025-02-09T01:10:37","modified_gmt":"2025-02-09T01:10:37","slug":"2025-augusztus-16-hullocsillagnezos-sutogetos-tabortuzrakos-party-a-szikin","status":"publish","type":"post","link":"https:\/\/natours.hu\/hu\/2025-augusztus-16-hullocsillagnezos-sutogetos-tabortuzrakos-party-a-szikin\/","title":{"rendered":"2025. augusztus 16. &#8211; Hull\u00f3csillagn\u00e9z\u0151s, s\u00fct\u00f6get\u0151s, t\u00e1bort\u0171zrak\u00f3s party a Szikin"},"content":{"rendered":"<section class=\"av_textblock_section\"  itemscope=\"itemscope\" itemtype=\"https:\/\/schema.org\/BlogPosting\" itemprop=\"blogPost\" ><div class='avia_textblock '   itemprop=\"text\" ><p>Kedves Szikisek! \ud83d\ude42<\/p>\n<div class=\"xdj266r x11i5rnm xat24cr x1mh8g0r x1vvkbs\">Az idei augusztus 16.-ai h\u00e9tv\u00e9g\u00e9t is \u00e9rdemes n\u00e1lunk t\u00f6lteni!<\/div>\n<div class=\"x11i5rnm xat24cr x1mh8g0r x1vvkbs xtlvy1s\">Pihenhettek, sportolhattok a szok\u00e1sos m\u00f3dokon, viszont szombaton k\u00fcl\u00f6n programok is lesznek:<\/div>\n<div class=\"x11i5rnm xat24cr x1mh8g0r x1vvkbs xtlvy1s\">&#8211; 17 \u00f3r\u00e1t\u00f3l, relax\u00e1ci\u00f3s hangt\u00e1l program Imre M\u00e1csai vezet\u00e9s\u00e9vel a szok\u00e1sos \u00e1rny\u00e9kos helyen.<\/div>\n<div class=\"x11i5rnm xat24cr x1mh8g0r x1vvkbs xtlvy1s\">&#8211; 18 \u00f3r\u00e1t\u00f3l ism\u00e9t a szaunaim\u00e1d\u00f3k\u00e9 lesz a terep, a naturista szaunamesterek men\u0151 csapata (Simon Imre M\u00e1rton\/Rita Bencsik\/ Hlbocs\u00e1nyin\u00e9 Szentp\u00e9teri Anett\/Kurtos L\u00e1szl\u00f3) folytatj\u00e1k legend\u00e1s fel\u00f6nt\u00e9seiket, illetve hangt\u00e1l programlehet\u0151s\u00e9g (Imre M\u00e1csai) is a rendelkez\u00e9setekre \u00e1ll mostm\u00e1ron a Szikin! A garant\u00e1lt 4 darab szaunaprogramot mind\u00f6ssze 800,- Ft\/f\u0151 ellen\u00e9ben \u00e9lvezhetitek!<\/div>\n<div class=\"x11i5rnm xat24cr x1mh8g0r x1vvkbs xtlvy1s\">&#8211; Esti k\u00f6z\u00f6s s\u00fct\u00f6get\u00e9s a f\u0151 t\u0171zrak\u00f3helyen (mindenki hozza mag\u00e1val szok\u00e1s szerint a s\u00fctnival\u00f3j\u00e1t, vagy ennek hi\u00e1ny\u00e1ban v\u00e1s\u00e1rolhat a konyh\u00e1n!) majd hull\u00f3csillag n\u00e9z\u00e9s \u2013 a rem\u00e9lhet\u0151leg felh\u0151tlen id\u0151ben.<\/div>\n<div class=\"x11i5rnm xat24cr x1mh8g0r x1vvkbs xtlvy1s\">Az est\u00e9t pedig diszk\u00f3val z\u00e1rjuk. Szerencs\u00e9re nem kell sietni a lefekv\u00e9ssel, ez\u00e9rt bulizhattok \u00e9jszak\u00e1ba ny\u00fal\u00f3an!<\/div>\n<div class=\"x11i5rnm xat24cr x1mh8g0r x1vvkbs xtlvy1s\">&#8211; 21 \u00f3r\u00e1t\u00f3l, t\u00e1ncra perd\u00fclhet apraja-nagyja, &#8211; a zen\u00e9t szolg\u00e1ltatjuk hozz\u00e1!<\/div>\n<div class=\"x11i5rnm xat24cr x1mh8g0r x1vvkbs xtlvy1s\">Gyertek mindannyian, apraja &#8211; nagyja, ism\u00e9t program van eg\u00e9sz nap!<\/div>\n<div class=\"x11i5rnm xat24cr x1mh8g0r x1vvkbs xtlvy1s\">S\u00fcss\u00f6n r\u00e1tok, (kicsikre \u00e9s nagyokra egyar\u00e1nt) a nap!<\/div>\n<div class=\"x11i5rnm xat24cr x1mh8g0r x1vvkbs xtlvy1s\">A Sziki Naturista Egyes\u00fclet, a Szentes-i szaunamesterek \u00e9s a Sziki csapat\u00e1nak k\u00f6z\u00f6s rendezv\u00e9nye<\/div>\n<div><a href=\"https:\/\/fb.me\/e\/2SNPcL321\">https:\/\/fb.me\/e\/2SNPcL321<\/a><\/div>\n<\/div><\/section>\n<div class='avia-image-container  av-styling-   avia-align-center '  itemscope=\"itemscope\" itemtype=\"https:\/\/schema.org\/ImageObject\"  ><div class='avia-image-container-inner'><img class='avia_image ' src='https:\/\/natours.hu\/wp-content\/uploads\/2025\/02\/474621875_566631293073993_6264928492804848247_n-300x168.jpg' alt='' title='474621875_566631293073993_6264928492804848247_n'   itemprop=\"thumbnailUrl\"  \/><\/div><\/div>\n","protected":false},"excerpt":{"rendered":"","protected":false},"author":7,"featured_media":0,"comment_status":"closed","ping_status":"open","sticky":false,"template":"","format":"standard","meta":{"_hu_post_content":"[av_textblock size='' font_color='' color='' admin_preview_bg='']\r\nKedves Szikisek! :)\r\n<div class=\"xdj266r x11i5rnm xat24cr x1mh8g0r x1vvkbs\">Az idei augusztus 16.-ai h\u00e9tv\u00e9g\u00e9t is \u00e9rdemes n\u00e1lunk t\u00f6lteni!<\/div>\r\n<div class=\"x11i5rnm xat24cr x1mh8g0r x1vvkbs xtlvy1s\">Pihenhettek, sportolhattok a szok\u00e1sos m\u00f3dokon, viszont szombaton k\u00fcl\u00f6n programok is lesznek:<\/div>\r\n<div class=\"x11i5rnm xat24cr x1mh8g0r x1vvkbs xtlvy1s\">- 17 \u00f3r\u00e1t\u00f3l, relax\u00e1ci\u00f3s hangt\u00e1l program Imre M\u00e1csai vezet\u00e9s\u00e9vel a szok\u00e1sos \u00e1rny\u00e9kos helyen.<\/div>\r\n<div class=\"x11i5rnm xat24cr x1mh8g0r x1vvkbs xtlvy1s\">- 18 \u00f3r\u00e1t\u00f3l ism\u00e9t a szaunaim\u00e1d\u00f3k\u00e9 lesz a terep, a naturista szaunamesterek men\u0151 csapata (Simon Imre M\u00e1rton\/Rita Bencsik\/ Hlbocs\u00e1nyin\u00e9 Szentp\u00e9teri Anett\/Kurtos L\u00e1szl\u00f3) folytatj\u00e1k legend\u00e1s fel\u00f6nt\u00e9seiket, illetve hangt\u00e1l programlehet\u0151s\u00e9g (Imre M\u00e1csai) is a rendelkez\u00e9setekre \u00e1ll mostm\u00e1ron a Szikin! A garant\u00e1lt 4 darab szaunaprogramot mind\u00f6ssze 800,- Ft\/f\u0151 ellen\u00e9ben \u00e9lvezhetitek!<\/div>\r\n<div class=\"x11i5rnm xat24cr x1mh8g0r x1vvkbs xtlvy1s\">- Esti k\u00f6z\u00f6s s\u00fct\u00f6get\u00e9s a f\u0151 t\u0171zrak\u00f3helyen (mindenki hozza mag\u00e1val szok\u00e1s szerint a s\u00fctnival\u00f3j\u00e1t, vagy ennek hi\u00e1ny\u00e1ban v\u00e1s\u00e1rolhat a konyh\u00e1n!) majd hull\u00f3csillag n\u00e9z\u00e9s \u2013 a rem\u00e9lhet\u0151leg felh\u0151tlen id\u0151ben.<\/div>\r\n<div class=\"x11i5rnm xat24cr x1mh8g0r x1vvkbs xtlvy1s\">Az est\u00e9t pedig diszk\u00f3val z\u00e1rjuk. Szerencs\u00e9re nem kell sietni a lefekv\u00e9ssel, ez\u00e9rt bulizhattok \u00e9jszak\u00e1ba ny\u00fal\u00f3an!<\/div>\r\n<div class=\"x11i5rnm xat24cr x1mh8g0r x1vvkbs xtlvy1s\">- 21 \u00f3r\u00e1t\u00f3l, t\u00e1ncra perd\u00fclhet apraja-nagyja, - a zen\u00e9t szolg\u00e1ltatjuk hozz\u00e1!<\/div>\r\n<div class=\"x11i5rnm xat24cr x1mh8g0r x1vvkbs xtlvy1s\">Gyertek mindannyian, apraja - nagyja, ism\u00e9t program van eg\u00e9sz nap!<\/div>\r\n<div class=\"x11i5rnm xat24cr x1mh8g0r x1vvkbs xtlvy1s\">S\u00fcss\u00f6n r\u00e1tok, (kicsikre \u00e9s nagyokra egyar\u00e1nt) a nap!<\/div>\r\n<div class=\"x11i5rnm xat24cr x1mh8g0r x1vvkbs xtlvy1s\">A Sziki Naturista Egyes\u00fclet, a Szentes-i szaunamesterek \u00e9s a Sziki csapat\u00e1nak k\u00f6z\u00f6s rendezv\u00e9nye<\/div>\r\n<div><a href=\"https:\/\/fb.me\/e\/2SNPcL321\">https:\/\/fb.me\/e\/2SNPcL321<\/a><\/div>\r\n[\/av_textblock]\r\n\r\n[av_image src='https:\/\/natours.hu\/wp-content\/uploads\/2025\/02\/474621875_566631293073993_6264928492804848247_n-300x168.jpg' attachment='8206' attachment_size='medium' align='center' styling='' hover='' link='' target='' caption='' font_size='' appearance='' overlay_opacity='0.4' overlay_color='#000000' overlay_text_color='#ffffff' animation='no-animation' admin_preview_bg=''][\/av_image]","_hu_post_name":"2025-augusztus-16-hullocsillagnezos-sutogetos-tabortuzrakos-party-a-szikin","_hu_post_excerpt":"","_hu_post_title":"2025. augusztus 16. - Hull\u00f3csillagn\u00e9z\u0151s, s\u00fct\u00f6get\u0151s, t\u00e1bort\u0171zrak\u00f3s party a Szikin","_en_post_content":"","_en_post_name":"","_en_post_excerpt":"","_en_post_title":"","edit_language":"hu"},"categories":[68,69,1,4],"tags":[],"_links":{"self":[{"href":"https:\/\/natours.hu\/hu\/wp-json\/wp\/v2\/posts\/8205"}],"collection":[{"href":"https:\/\/natours.hu\/hu\/wp-json\/wp\/v2\/posts"}],"about":[{"href":"https:\/\/natours.hu\/hu\/wp-json\/wp\/v2\/types\/post"}],"author":[{"embeddable":true,"href":"https:\/\/natours.hu\/hu\/wp-json\/wp\/v2\/users\/7"}],"replies":[{"embeddable":true,"href":"https:\/\/natours.hu\/hu\/wp-json\/wp\/v2\/comments?post=8205"}],"version-history":[{"count":4,"href":"https:\/\/natours.hu\/hu\/wp-json\/wp\/v2\/posts\/8205\/revisions"}],"predecessor-version":[{"id":8276,"href":"https:\/\/natours.hu\/hu\/wp-json\/wp\/v2\/posts\/8205\/revisions\/8276"}],"wp:attachment":[{"href":"https:\/\/natours.hu\/hu\/wp-json\/wp\/v2\/media?parent=8205"}],"wp:term":[{"taxonomy":"category","embeddable":true,"href":"https:\/\/natours.hu\/hu\/wp-json\/wp\/v2\/categories?post=8205"},{"taxonomy":"post_tag","embeddable":true,"href":"https:\/\/natours.hu\/hu\/wp-json\/wp\/v2\/tags?post=8205"}],"curies":[{"name":"wp","href":"https:\/\/api.w.org\/{rel}","templated":true}]}}