{"id":8317,"date":"2025-06-24T09:48:49","date_gmt":"2025-06-24T09:48:49","guid":{"rendered":"https:\/\/natours.hu\/hu\/?p=8317"},"modified":"2025-06-24T09:48:49","modified_gmt":"2025-06-24T09:48:49","slug":"2025-julius-12-evorgrin-koncert","status":"publish","type":"post","link":"https:\/\/natours.hu\/hu\/2025-julius-12-evorgrin-koncert\/","title":{"rendered":"2025. j\u00falius 12. &#8211; EV\u00d6RGR\u00cdN koncert"},"content":{"rendered":"<div class='avia-image-container  av-styling-   avia-align-center '  itemscope=\"itemscope\" itemtype=\"https:\/\/schema.org\/ImageObject\"  ><div class='avia-image-container-inner'><img class='avia_image ' src='https:\/\/natours.hu\/wp-content\/uploads\/2025\/06\/3-212x300.jpg' alt='' title='3'   itemprop=\"thumbnailUrl\"  \/><\/div><\/div>\n<section class=\"av_textblock_section\"  itemscope=\"itemscope\" itemtype=\"https:\/\/schema.org\/BlogPosting\" itemprop=\"blogPost\" ><div class='avia_textblock '   itemprop=\"text\" ><p>I. \u00d6sszm\u0171v\u00e9szeti Fesztiv\u00e1l szombat est\u00e9j\u00e9n v\u00e1runk Minden Kedves \u00c9rdekl\u0151d\u0151t!<br \/>\nA Szikin a csillagok k\u00f6zelebb vannak.<\/p>\n<p>S\u00fcss\u00fcn R\u00e1tok a nap.<img decoding=\"async\" loading=\"lazy\" class=\"xz74otr\" src=\"https:\/\/static.xx.fbcdn.net\/images\/emoji.php\/v9\/t5f\/1\/16\/1f31e.png\" alt=\"\ud83c\udf1e\" width=\"16\" height=\"16\" \/><\/p>\n<p>a Sziki Csapata<\/p>\n<\/div><\/section>\n","protected":false},"excerpt":{"rendered":"","protected":false},"author":7,"featured_media":0,"comment_status":"closed","ping_status":"open","sticky":false,"template":"","format":"standard","meta":{"_hu_post_content":"[av_image src='https:\/\/natours.hu\/wp-content\/uploads\/2025\/06\/3-212x300.jpg' attachment='8318' attachment_size='medium' align='center' styling='' hover='' link='' target='' caption='' font_size='' appearance='' overlay_opacity='0.4' overlay_color='#000000' overlay_text_color='#ffffff' animation='no-animation' admin_preview_bg=''][\/av_image]\r\n\r\n[av_textblock size='' font_color='' color='' admin_preview_bg='']\r\nI. \u00d6sszm\u0171v\u00e9szeti Fesztiv\u00e1l szombat est\u00e9j\u00e9n v\u00e1runk Minden Kedves \u00c9rdekl\u0151d\u0151t!\r\nA Szikin a csillagok k\u00f6zelebb vannak.\r\n\r\nS\u00fcss\u00fcn R\u00e1tok a nap.<img class=\"xz74otr\" src=\"https:\/\/static.xx.fbcdn.net\/images\/emoji.php\/v9\/t5f\/1\/16\/1f31e.png\" alt=\"\ud83c\udf1e\" width=\"16\" height=\"16\" \/>\r\n\r\na Sziki Csapata\r\n[\/av_textblock]","_hu_post_name":"2025-julius-12-evorgrin-koncert","_hu_post_excerpt":"","_hu_post_title":"2025. j\u00falius 12. - EV\u00d6RGR\u00cdN koncert","_en_post_content":"","_en_post_name":"","_en_post_excerpt":"","_en_post_title":"","edit_language":"hu"},"categories":[69,1,4],"tags":[],"_links":{"self":[{"href":"https:\/\/natours.hu\/hu\/wp-json\/wp\/v2\/posts\/8317"}],"collection":[{"href":"https:\/\/natours.hu\/hu\/wp-json\/wp\/v2\/posts"}],"about":[{"href":"https:\/\/natours.hu\/hu\/wp-json\/wp\/v2\/types\/post"}],"author":[{"embeddable":true,"href":"https:\/\/natours.hu\/hu\/wp-json\/wp\/v2\/users\/7"}],"replies":[{"embeddable":true,"href":"https:\/\/natours.hu\/hu\/wp-json\/wp\/v2\/comments?post=8317"}],"version-history":[{"count":2,"href":"https:\/\/natours.hu\/hu\/wp-json\/wp\/v2\/posts\/8317\/revisions"}],"predecessor-version":[{"id":8320,"href":"https:\/\/natours.hu\/hu\/wp-json\/wp\/v2\/posts\/8317\/revisions\/8320"}],"wp:attachment":[{"href":"https:\/\/natours.hu\/hu\/wp-json\/wp\/v2\/media?parent=8317"}],"wp:term":[{"taxonomy":"category","embeddable":true,"href":"https:\/\/natours.hu\/hu\/wp-json\/wp\/v2\/categories?post=8317"},{"taxonomy":"post_tag","embeddable":true,"href":"https:\/\/natours.hu\/hu\/wp-json\/wp\/v2\/tags?post=8317"}],"curies":[{"name":"wp","href":"https:\/\/api.w.org\/{rel}","templated":true}]}}